{"id":3504,"date":"2025-08-29T18:57:23","date_gmt":"2025-08-29T18:57:23","guid":{"rendered":"https:\/\/dobrezrodla.com\/?p=3504"},"modified":"2025-08-29T18:57:24","modified_gmt":"2025-08-29T18:57:24","slug":"tragedia-w-radomiu-glos-prezydenta-i-premiera-po-katastrofie-f-16","status":"publish","type":"post","link":"https:\/\/dobrezrodla.com\/?p=3504","title":{"rendered":"Tragedia w Radomiu. G\u0142os prezydenta i premiera po katastrofie F-16"},"content":{"rendered":"\n<p>Wstrz\u0105saj\u0105ce wie\u015bci z Radomia \u2013 podczas przygotowa\u0144 do Air Show rozbi\u0142 si\u0119 samolot F-16. Pilot zgin\u0105\u0142 na miejscu. To bolesna strata dla Si\u0142 Powietrznych i ca\u0142ego kraju.<\/p>\n\n\n\n<p>Na dramat zareagowali natychmiast prezydent Karol Nawrocki oraz premier Donald Tusk. Obaj opublikowali poruszaj\u0105ce wpisy, w kt\u00f3rych wyrazili g\u0142\u0119boki \u017cal i solidarno\u015b\u0107 z rodzin\u0105 tragicznie zmar\u0142ego lotnika.<\/p>\n\n\n\n<p>Prezydent napisa\u0142 o \u201ebardzo smutnej wiadomo\u015bci\u201d i zako\u0144czy\u0142 s\u0142owami modlitwy. Premier odda\u0142 ho\u0142d pilotowi, podkre\u015blaj\u0105c, \u017ce \u201ecze\u015b\u0107 Jego pami\u0119ci\u201d. Na miejscu zdarzenia pojawi\u0142 si\u0119 tak\u017ce wicepremier i szef MON, W\u0142adys\u0142aw Kosiniak-Kamysz, kt\u00f3ry pozostaje w sta\u0142ym kontakcie z szefem rz\u0105du.<\/p>\n\n\n\n<p>Wydarzenie to wstrz\u0105sn\u0119\u0142o opini\u0105 publiczn\u0105 i rzuci\u0142o cie\u0144 na nadchodz\u0105ce lotnicze \u015bwi\u0119to w Radomiu.<\/p>\n","protected":false},"excerpt":{"rendered":"<p>Wstrz\u0105saj\u0105ce wie\u015bci z Radomia \u2013 podczas przygotowa\u0144 do Air Show rozbi\u0142 si\u0119 samolot F-16. Pilot zgin\u0105\u0142 na miejscu. To bolesna strata dla Si\u0142 Powietrznych i ca\u0142ego kraju. Na dramat zareagowali natychmiast prezydent Karol Nawrocki oraz premier Donald Tusk. Obaj opublikowali poruszaj\u0105ce wpisy, w kt\u00f3rych wyrazili g\u0142\u0119boki \u017cal i solidarno\u015b\u0107 z rodzin\u0105 tragicznie zmar\u0142ego lotnika. Prezydent &#8230; <a title=\"Tragedia w Radomiu. G\u0142os prezydenta i premiera po katastrofie F-16\" class=\"read-more\" href=\"https:\/\/dobrezrodla.com\/?p=3504\" aria-label=\"Read more about Tragedia w Radomiu. G\u0142os prezydenta i premiera po katastrofie F-16\">Read more<\/a><\/p>\n","protected":false},"author":1,"featured_media":3505,"comment_status":"open","ping_status":"open","sticky":false,"template":"","format":"standard","meta":{"footnotes":""},"categories":[1],"tags":[],"class_list":["post-3504","post","type-post","status-publish","format-standard","has-post-thumbnail","hentry","category-uncategorized"],"_links":{"self":[{"href":"https:\/\/dobrezrodla.com\/index.php?rest_route=\/wp\/v2\/posts\/3504","targetHints":{"allow":["GET"]}}],"collection":[{"href":"https:\/\/dobrezrodla.com\/index.php?rest_route=\/wp\/v2\/posts"}],"about":[{"href":"https:\/\/dobrezrodla.com\/index.php?rest_route=\/wp\/v2\/types\/post"}],"author":[{"embeddable":true,"href":"https:\/\/dobrezrodla.com\/index.php?rest_route=\/wp\/v2\/users\/1"}],"replies":[{"embeddable":true,"href":"https:\/\/dobrezrodla.com\/index.php?rest_route=%2Fwp%2Fv2%2Fcomments&post=3504"}],"version-history":[{"count":1,"href":"https:\/\/dobrezrodla.com\/index.php?rest_route=\/wp\/v2\/posts\/3504\/revisions"}],"predecessor-version":[{"id":3506,"href":"https:\/\/dobrezrodla.com\/index.php?rest_route=\/wp\/v2\/posts\/3504\/revisions\/3506"}],"wp:featuredmedia":[{"embeddable":true,"href":"https:\/\/dobrezrodla.com\/index.php?rest_route=\/wp\/v2\/media\/3505"}],"wp:attachment":[{"href":"https:\/\/dobrezrodla.com\/index.php?rest_route=%2Fwp%2Fv2%2Fmedia&parent=3504"}],"wp:term":[{"taxonomy":"category","embeddable":true,"href":"https:\/\/dobrezrodla.com\/index.php?rest_route=%2Fwp%2Fv2%2Fcategories&post=3504"},{"taxonomy":"post_tag","embeddable":true,"href":"https:\/\/dobrezrodla.com\/index.php?rest_route=%2Fwp%2Fv2%2Ftags&post=3504"}],"curies":[{"name":"wp","href":"https:\/\/api.w.org\/{rel}","templated":true}]}}