{"id":3507,"date":"2025-08-29T18:58:13","date_gmt":"2025-08-29T18:58:13","guid":{"rendered":"https:\/\/dobrezrodla.com\/?p=3507"},"modified":"2025-08-29T18:58:14","modified_gmt":"2025-08-29T18:58:14","slug":"nie-zyje-major-slab-krakowian-polskie-lotnictwo-w-zalobie-po-tragedii-w-radomiu","status":"publish","type":"post","link":"https:\/\/dobrezrodla.com\/?p=3507","title":{"rendered":"Nie \u017cyje major &#8220;Slab&#8221; Krakowian. Polskie lotnictwo w \u017ca\u0142obie po tragedii w Radomiu"},"content":{"rendered":"\n<p>Katastrofa F-16 podczas pr\u00f3b do Air Show w Radomiu poch\u0142on\u0119\u0142a \u017cycie majora Macieja \u201eSlaba\u201d Krakowiana \u2013 do\u015bwiadczonego pilota, instruktora i szefa szkolenia, kt\u00f3rego zna\u0142o ca\u0142e \u015brodowisko lotnicze. Mia\u0142 zaledwie 35 lat.<\/p>\n\n\n\n<p>Major Krakowian by\u0142 elitarnym cz\u0142onkiem zespo\u0142u Tiger Demo Team, symbolem doskona\u0142o\u015bci w powietrzu. Jego \u015bmier\u0107 wstrz\u0105sn\u0119\u0142a nie tylko wojskiem, ale i ca\u0142\u0105 Polsk\u0105.<\/p>\n\n\n\n<p>\u201eTo trauma dla ca\u0142ego naszego \u015brodowiska\u201d \u2013 powiedzia\u0142 genera\u0142 Ireneusz Nowak, dodaj\u0105c, \u017ce Krakowian zostawi\u0142 \u017con\u0119 Magd\u0119 i dw\u00f3ch kilkuletnich syn\u00f3w. By\u0142 typowany na przysz\u0142ego dow\u00f3dc\u0119, a jego kariera nabiera\u0142a tempa.<\/p>\n\n\n\n<p>S\u0142owa wsp\u00f3\u0142czucia p\u0142yn\u0105 z ka\u017cdej strony sceny politycznej \u2013 od prezydenta i premiera po marsza\u0142ka Sejmu. \u201eNie ma s\u0142\u00f3w, by wyrazi\u0107 b\u00f3l i szok\u201d \u2013 napisa\u0142 Szymon Ho\u0142ownia.<\/p>\n\n\n\n<p>Ca\u0142e lotnictwo wojskowe straci\u0142o nie tylko pilota, ale i przyjaciela. \u201eJego loty pozostan\u0105 symbolem pasji i po\u015bwi\u0119cenia\u201d \u2013 napisa\u0142o Dow\u00f3dztwo Operacyjne.<\/p>\n","protected":false},"excerpt":{"rendered":"<p>Katastrofa F-16 podczas pr\u00f3b do Air Show w Radomiu poch\u0142on\u0119\u0142a \u017cycie majora Macieja \u201eSlaba\u201d Krakowiana \u2013 do\u015bwiadczonego pilota, instruktora i szefa szkolenia, kt\u00f3rego zna\u0142o ca\u0142e \u015brodowisko lotnicze. Mia\u0142 zaledwie 35 lat. Major Krakowian by\u0142 elitarnym cz\u0142onkiem zespo\u0142u Tiger Demo Team, symbolem doskona\u0142o\u015bci w powietrzu. Jego \u015bmier\u0107 wstrz\u0105sn\u0119\u0142a nie tylko wojskiem, ale i ca\u0142\u0105 Polsk\u0105. \u201eTo &#8230; <a title=\"Nie \u017cyje major &#8220;Slab&#8221; Krakowian. Polskie lotnictwo w \u017ca\u0142obie po tragedii w Radomiu\" class=\"read-more\" href=\"https:\/\/dobrezrodla.com\/?p=3507\" aria-label=\"Read more about Nie \u017cyje major &#8220;Slab&#8221; Krakowian. Polskie lotnictwo w \u017ca\u0142obie po tragedii w Radomiu\">Read more<\/a><\/p>\n","protected":false},"author":1,"featured_media":3508,"comment_status":"open","ping_status":"open","sticky":false,"template":"","format":"standard","meta":{"footnotes":""},"categories":[1],"tags":[],"class_list":["post-3507","post","type-post","status-publish","format-standard","has-post-thumbnail","hentry","category-uncategorized"],"_links":{"self":[{"href":"https:\/\/dobrezrodla.com\/index.php?rest_route=\/wp\/v2\/posts\/3507","targetHints":{"allow":["GET"]}}],"collection":[{"href":"https:\/\/dobrezrodla.com\/index.php?rest_route=\/wp\/v2\/posts"}],"about":[{"href":"https:\/\/dobrezrodla.com\/index.php?rest_route=\/wp\/v2\/types\/post"}],"author":[{"embeddable":true,"href":"https:\/\/dobrezrodla.com\/index.php?rest_route=\/wp\/v2\/users\/1"}],"replies":[{"embeddable":true,"href":"https:\/\/dobrezrodla.com\/index.php?rest_route=%2Fwp%2Fv2%2Fcomments&post=3507"}],"version-history":[{"count":1,"href":"https:\/\/dobrezrodla.com\/index.php?rest_route=\/wp\/v2\/posts\/3507\/revisions"}],"predecessor-version":[{"id":3509,"href":"https:\/\/dobrezrodla.com\/index.php?rest_route=\/wp\/v2\/posts\/3507\/revisions\/3509"}],"wp:featuredmedia":[{"embeddable":true,"href":"https:\/\/dobrezrodla.com\/index.php?rest_route=\/wp\/v2\/media\/3508"}],"wp:attachment":[{"href":"https:\/\/dobrezrodla.com\/index.php?rest_route=%2Fwp%2Fv2%2Fmedia&parent=3507"}],"wp:term":[{"taxonomy":"category","embeddable":true,"href":"https:\/\/dobrezrodla.com\/index.php?rest_route=%2Fwp%2Fv2%2Fcategories&post=3507"},{"taxonomy":"post_tag","embeddable":true,"href":"https:\/\/dobrezrodla.com\/index.php?rest_route=%2Fwp%2Fv2%2Ftags&post=3507"}],"curies":[{"name":"wp","href":"https:\/\/api.w.org\/{rel}","templated":true}]}}