{"id":3510,"date":"2025-08-29T18:59:05","date_gmt":"2025-08-29T18:59:05","guid":{"rendered":"https:\/\/dobrezrodla.com\/?p=3510"},"modified":"2025-08-29T18:59:05","modified_gmt":"2025-08-29T18:59:05","slug":"po-tragedii-w-radomiu-mon-odwoluje-air-show-2025-zadzialaly-wszystkie-procedury","status":"publish","type":"post","link":"https:\/\/dobrezrodla.com\/?p=3510","title":{"rendered":"Po tragedii w Radomiu: MON odwo\u0142uje Air Show 2025. \u201eZadzia\u0142a\u0142y wszystkie procedury\u201d"},"content":{"rendered":"\n<p>Po \u015bmierci majora Macieja \u201eSlaba\u201d Krakowiana w katastrofie F-16 podczas pr\u00f3b przed Air Show w Radomiu, Ministerstwo Obrony Narodowej zdecydowa\u0142o o natychmiastowym odwo\u0142aniu imprezy. Wicepremier i szef MON W\u0142adys\u0142aw Kosiniak-Kamysz poinformowa\u0142, \u017ce uruchomiono wszystkie procedury \u2013 w tym dzia\u0142ania \u017bandarmerii Wojskowej, prokuratury oraz Pa\u0144stwowej Komisji Bada\u0144 Wypadk\u00f3w Lotniczych.<\/p>\n\n\n\n<p>Podkre\u015blono, \u017ce nikt z os\u00f3b postronnych nie ucierpia\u0142. Organizatorzy zobowi\u0105zali si\u0119 do zwrotu koszt\u00f3w bilet\u00f3w, a dalsze informacje maj\u0105 by\u0107 publikowane na oficjalnych stronach Air Show.<\/p>\n\n\n\n<p>W\u0142adze zapewniaj\u0105, \u017ce przyczyny tragedii zostan\u0105 szczeg\u00f3\u0142owo wyja\u015bnione.<\/p>\n","protected":false},"excerpt":{"rendered":"<p>Po \u015bmierci majora Macieja \u201eSlaba\u201d Krakowiana w katastrofie F-16 podczas pr\u00f3b przed Air Show w Radomiu, Ministerstwo Obrony Narodowej zdecydowa\u0142o o natychmiastowym odwo\u0142aniu imprezy. Wicepremier i szef MON W\u0142adys\u0142aw Kosiniak-Kamysz poinformowa\u0142, \u017ce uruchomiono wszystkie procedury \u2013 w tym dzia\u0142ania \u017bandarmerii Wojskowej, prokuratury oraz Pa\u0144stwowej Komisji Bada\u0144 Wypadk\u00f3w Lotniczych. Podkre\u015blono, \u017ce nikt z os\u00f3b postronnych nie &#8230; <a title=\"Po tragedii w Radomiu: MON odwo\u0142uje Air Show 2025. \u201eZadzia\u0142a\u0142y wszystkie procedury\u201d\" class=\"read-more\" href=\"https:\/\/dobrezrodla.com\/?p=3510\" aria-label=\"Read more about Po tragedii w Radomiu: MON odwo\u0142uje Air Show 2025. \u201eZadzia\u0142a\u0142y wszystkie procedury\u201d\">Read more<\/a><\/p>\n","protected":false},"author":1,"featured_media":3511,"comment_status":"open","ping_status":"open","sticky":false,"template":"","format":"standard","meta":{"footnotes":""},"categories":[1],"tags":[],"class_list":["post-3510","post","type-post","status-publish","format-standard","has-post-thumbnail","hentry","category-uncategorized"],"_links":{"self":[{"href":"https:\/\/dobrezrodla.com\/index.php?rest_route=\/wp\/v2\/posts\/3510","targetHints":{"allow":["GET"]}}],"collection":[{"href":"https:\/\/dobrezrodla.com\/index.php?rest_route=\/wp\/v2\/posts"}],"about":[{"href":"https:\/\/dobrezrodla.com\/index.php?rest_route=\/wp\/v2\/types\/post"}],"author":[{"embeddable":true,"href":"https:\/\/dobrezrodla.com\/index.php?rest_route=\/wp\/v2\/users\/1"}],"replies":[{"embeddable":true,"href":"https:\/\/dobrezrodla.com\/index.php?rest_route=%2Fwp%2Fv2%2Fcomments&post=3510"}],"version-history":[{"count":1,"href":"https:\/\/dobrezrodla.com\/index.php?rest_route=\/wp\/v2\/posts\/3510\/revisions"}],"predecessor-version":[{"id":3512,"href":"https:\/\/dobrezrodla.com\/index.php?rest_route=\/wp\/v2\/posts\/3510\/revisions\/3512"}],"wp:featuredmedia":[{"embeddable":true,"href":"https:\/\/dobrezrodla.com\/index.php?rest_route=\/wp\/v2\/media\/3511"}],"wp:attachment":[{"href":"https:\/\/dobrezrodla.com\/index.php?rest_route=%2Fwp%2Fv2%2Fmedia&parent=3510"}],"wp:term":[{"taxonomy":"category","embeddable":true,"href":"https:\/\/dobrezrodla.com\/index.php?rest_route=%2Fwp%2Fv2%2Fcategories&post=3510"},{"taxonomy":"post_tag","embeddable":true,"href":"https:\/\/dobrezrodla.com\/index.php?rest_route=%2Fwp%2Fv2%2Ftags&post=3510"}],"curies":[{"name":"wp","href":"https:\/\/api.w.org\/{rel}","templated":true}]}}