{"id":3519,"date":"2025-08-29T19:02:49","date_gmt":"2025-08-29T19:02:49","guid":{"rendered":"https:\/\/dobrezrodla.com\/?p=3519"},"modified":"2025-08-29T19:02:50","modified_gmt":"2025-08-29T19:02:50","slug":"msz-kontra-biskupi-watykan-odpowiada-w-sprawie-kontrowersyjnych-slow-duchownych","status":"publish","type":"post","link":"https:\/\/dobrezrodla.com\/?p=3519","title":{"rendered":"MSZ kontra biskupi. Watykan odpowiada w sprawie kontrowersyjnych s\u0142\u00f3w duchownych"},"content":{"rendered":"\n<p>Ministerstwo Spraw Zagranicznych oficjalnie zaprotestowa\u0142o wobec wypowiedzi biskup\u00f3w Wies\u0142awa Meringa i Antoniego D\u0142ugosza, kt\u00f3re \u2013 zdaniem resortu \u2013 godz\u0105 w relacje polsko-niemieckie i wspieraj\u0105 skrajne \u015brodowiska. Stolica Apostolska w swojej odpowiedzi nie pot\u0119pi\u0142a jednak duchownych, deklaruj\u0105c jedynie ch\u0119\u0107 \u201ekonstruktywnego dialogu\u201d.<\/p>\n\n\n\n<p>Biskup Mering oskar\u017cy\u0142 rz\u0105dz\u0105cych o \u201eniemieckie pochodzenie\u201d, cytuj\u0105c XIX-wieczne antypolskie frazy. Z kolei bp D\u0142ugosz publicznie wychwala\u0142 dzia\u0142ania Ruchu Obrony Granic, zwi\u0105zanego z Robertem B\u0105kiewiczem.<\/p>\n\n\n\n<p>Cho\u0107 Watykan zaznaczy\u0142, \u017ce opinie te nie reprezentuj\u0105 Episkopatu Polski, nie odni\u00f3s\u0142 si\u0119 do ich tre\u015bci wprost. Szef MSZ Rados\u0142aw Sikorski nie przebiera\u0142 w s\u0142owach: \u201eJe\u015bli biskup chce by\u0107 politykiem \u2013 niech zrzuci sutann\u0119\u201d.<\/p>\n","protected":false},"excerpt":{"rendered":"<p>Ministerstwo Spraw Zagranicznych oficjalnie zaprotestowa\u0142o wobec wypowiedzi biskup\u00f3w Wies\u0142awa Meringa i Antoniego D\u0142ugosza, kt\u00f3re \u2013 zdaniem resortu \u2013 godz\u0105 w relacje polsko-niemieckie i wspieraj\u0105 skrajne \u015brodowiska. Stolica Apostolska w swojej odpowiedzi nie pot\u0119pi\u0142a jednak duchownych, deklaruj\u0105c jedynie ch\u0119\u0107 \u201ekonstruktywnego dialogu\u201d. Biskup Mering oskar\u017cy\u0142 rz\u0105dz\u0105cych o \u201eniemieckie pochodzenie\u201d, cytuj\u0105c XIX-wieczne antypolskie frazy. Z kolei bp D\u0142ugosz &#8230; <a title=\"MSZ kontra biskupi. Watykan odpowiada w sprawie kontrowersyjnych s\u0142\u00f3w duchownych\" class=\"read-more\" href=\"https:\/\/dobrezrodla.com\/?p=3519\" aria-label=\"Read more about MSZ kontra biskupi. Watykan odpowiada w sprawie kontrowersyjnych s\u0142\u00f3w duchownych\">Read more<\/a><\/p>\n","protected":false},"author":1,"featured_media":3520,"comment_status":"open","ping_status":"open","sticky":false,"template":"","format":"standard","meta":{"footnotes":""},"categories":[1],"tags":[],"class_list":["post-3519","post","type-post","status-publish","format-standard","has-post-thumbnail","hentry","category-uncategorized"],"_links":{"self":[{"href":"https:\/\/dobrezrodla.com\/index.php?rest_route=\/wp\/v2\/posts\/3519","targetHints":{"allow":["GET"]}}],"collection":[{"href":"https:\/\/dobrezrodla.com\/index.php?rest_route=\/wp\/v2\/posts"}],"about":[{"href":"https:\/\/dobrezrodla.com\/index.php?rest_route=\/wp\/v2\/types\/post"}],"author":[{"embeddable":true,"href":"https:\/\/dobrezrodla.com\/index.php?rest_route=\/wp\/v2\/users\/1"}],"replies":[{"embeddable":true,"href":"https:\/\/dobrezrodla.com\/index.php?rest_route=%2Fwp%2Fv2%2Fcomments&post=3519"}],"version-history":[{"count":1,"href":"https:\/\/dobrezrodla.com\/index.php?rest_route=\/wp\/v2\/posts\/3519\/revisions"}],"predecessor-version":[{"id":3521,"href":"https:\/\/dobrezrodla.com\/index.php?rest_route=\/wp\/v2\/posts\/3519\/revisions\/3521"}],"wp:featuredmedia":[{"embeddable":true,"href":"https:\/\/dobrezrodla.com\/index.php?rest_route=\/wp\/v2\/media\/3520"}],"wp:attachment":[{"href":"https:\/\/dobrezrodla.com\/index.php?rest_route=%2Fwp%2Fv2%2Fmedia&parent=3519"}],"wp:term":[{"taxonomy":"category","embeddable":true,"href":"https:\/\/dobrezrodla.com\/index.php?rest_route=%2Fwp%2Fv2%2Fcategories&post=3519"},{"taxonomy":"post_tag","embeddable":true,"href":"https:\/\/dobrezrodla.com\/index.php?rest_route=%2Fwp%2Fv2%2Ftags&post=3519"}],"curies":[{"name":"wp","href":"https:\/\/api.w.org\/{rel}","templated":true}]}}