{"id":3538,"date":"2025-08-31T11:25:38","date_gmt":"2025-08-31T11:25:38","guid":{"rendered":"https:\/\/dobrezrodla.com\/?p=3538"},"modified":"2025-08-31T11:25:39","modified_gmt":"2025-08-31T11:25:39","slug":"bez-wolnosci-slowa-nie-istniejemy-mocne-slowa-laureatki-medalu-wolnosci-slowa-2025","status":"publish","type":"post","link":"https:\/\/dobrezrodla.com\/?p=3538","title":{"rendered":"&#8220;Bez wolno\u015bci s\u0142owa nie istniejemy&#8221; \u2013 mocne s\u0142owa laureatki Medalu Wolno\u015bci S\u0142owa 2025"},"content":{"rendered":"\n<p>Patrycja Redo-\u0141ab\u0119dziewska, wieloletnia dziennikarka i szefowa magazynu &#8220;Czarno na bia\u0142ym&#8221; w TVN24, zosta\u0142a wyr\u00f3\u017cniona Medalem Wolno\u015bci S\u0142owa w kategorii Media. Uhonorowano j\u0105 za odwa\u017cne, rzetelne i bezkompromisowe podej\u015bcie do dziennikarstwa, kt\u00f3re nie unika trudnych temat\u00f3w i staje w obronie interesu publicznego.<\/p>\n\n\n\n<p>\u2013 Bez wolno\u015bci s\u0142owa nas nie ma. Nasza praca traci sens, je\u015bli nie mo\u017cemy m\u00f3wi\u0107 prawdy \u2013 powiedzia\u0142a Redo-\u0141ab\u0119dziewska po odebraniu nagrody. Podkre\u015bli\u0142a, \u017ce dziennikarstwo to praca zespo\u0142owa, a wyr\u00f3\u017cnienie traktuje jako docenienie ca\u0142ej redakcji.<\/p>\n\n\n\n<p>Dziennikarka od lat zwi\u0105zana jest z TVN, a od 2019 roku kieruje programem &#8220;Czarno na bia\u0142ym&#8221;. W przesz\u0142o\u015bci pracowa\u0142a tak\u017ce w TVN Warszawa, TTV i radiu. Jej podej\u015bcie do zawodu jest niezmienne \u2013 reporta\u017c ma s\u0142u\u017cy\u0107 spo\u0142ecze\u0144stwu, informowa\u0107 i rozlicza\u0107 w\u0142adz\u0119.<\/p>\n\n\n\n<p>W czasach dezinformacji i medialnego chaosu Redo-\u0141ab\u0119dziewska przypomina o podstawach: uczciwo\u015b\u0107, odpowiedzialno\u015b\u0107 i misja. \u2013 To proste zasady, kt\u00f3re dzi\u015b trzeba przypomina\u0107 g\u0142o\u015bno \u2013 zaznacza.<\/p>\n","protected":false},"excerpt":{"rendered":"<p>Patrycja Redo-\u0141ab\u0119dziewska, wieloletnia dziennikarka i szefowa magazynu &#8220;Czarno na bia\u0142ym&#8221; w TVN24, zosta\u0142a wyr\u00f3\u017cniona Medalem Wolno\u015bci S\u0142owa w kategorii Media. Uhonorowano j\u0105 za odwa\u017cne, rzetelne i bezkompromisowe podej\u015bcie do dziennikarstwa, kt\u00f3re nie unika trudnych temat\u00f3w i staje w obronie interesu publicznego. \u2013 Bez wolno\u015bci s\u0142owa nas nie ma. Nasza praca traci sens, je\u015bli nie mo\u017cemy &#8230; <a title=\"&#8220;Bez wolno\u015bci s\u0142owa nie istniejemy&#8221; \u2013 mocne s\u0142owa laureatki Medalu Wolno\u015bci S\u0142owa 2025\" class=\"read-more\" href=\"https:\/\/dobrezrodla.com\/?p=3538\" aria-label=\"Read more about &#8220;Bez wolno\u015bci s\u0142owa nie istniejemy&#8221; \u2013 mocne s\u0142owa laureatki Medalu Wolno\u015bci S\u0142owa 2025\">Read more<\/a><\/p>\n","protected":false},"author":1,"featured_media":3539,"comment_status":"open","ping_status":"open","sticky":false,"template":"","format":"standard","meta":{"footnotes":""},"categories":[1],"tags":[],"class_list":["post-3538","post","type-post","status-publish","format-standard","has-post-thumbnail","hentry","category-uncategorized"],"_links":{"self":[{"href":"https:\/\/dobrezrodla.com\/index.php?rest_route=\/wp\/v2\/posts\/3538","targetHints":{"allow":["GET"]}}],"collection":[{"href":"https:\/\/dobrezrodla.com\/index.php?rest_route=\/wp\/v2\/posts"}],"about":[{"href":"https:\/\/dobrezrodla.com\/index.php?rest_route=\/wp\/v2\/types\/post"}],"author":[{"embeddable":true,"href":"https:\/\/dobrezrodla.com\/index.php?rest_route=\/wp\/v2\/users\/1"}],"replies":[{"embeddable":true,"href":"https:\/\/dobrezrodla.com\/index.php?rest_route=%2Fwp%2Fv2%2Fcomments&post=3538"}],"version-history":[{"count":1,"href":"https:\/\/dobrezrodla.com\/index.php?rest_route=\/wp\/v2\/posts\/3538\/revisions"}],"predecessor-version":[{"id":3540,"href":"https:\/\/dobrezrodla.com\/index.php?rest_route=\/wp\/v2\/posts\/3538\/revisions\/3540"}],"wp:featuredmedia":[{"embeddable":true,"href":"https:\/\/dobrezrodla.com\/index.php?rest_route=\/wp\/v2\/media\/3539"}],"wp:attachment":[{"href":"https:\/\/dobrezrodla.com\/index.php?rest_route=%2Fwp%2Fv2%2Fmedia&parent=3538"}],"wp:term":[{"taxonomy":"category","embeddable":true,"href":"https:\/\/dobrezrodla.com\/index.php?rest_route=%2Fwp%2Fv2%2Fcategories&post=3538"},{"taxonomy":"post_tag","embeddable":true,"href":"https:\/\/dobrezrodla.com\/index.php?rest_route=%2Fwp%2Fv2%2Ftags&post=3538"}],"curies":[{"name":"wp","href":"https:\/\/api.w.org\/{rel}","templated":true}]}}