{"id":3547,"date":"2025-08-31T11:27:53","date_gmt":"2025-08-31T11:27:53","guid":{"rendered":"https:\/\/dobrezrodla.com\/?p=3547"},"modified":"2025-08-31T11:27:53","modified_gmt":"2025-08-31T11:27:53","slug":"nie-chce-emerytury-ani-partii-andrzej-duda-planuje-powrot-ale-zupelnie-inaczej-niz-myslisz","status":"publish","type":"post","link":"https:\/\/dobrezrodla.com\/?p=3547","title":{"rendered":"Nie chce emerytury ani partii. Andrzej Duda planuje powr\u00f3t, ale zupe\u0142nie inaczej ni\u017c my\u015blisz"},"content":{"rendered":"\n<p>Andrzej Duda po dziesi\u0119ciu latach zako\u0144czy\u0142 prezydenck\u0105 misj\u0119, ale \u2013 jak sam podkre\u015bla \u2013 nie zamierza znika\u0107 z \u017cycia publicznego. Cho\u0107 pojawia\u0142y si\u0119 spekulacje o za\u0142o\u017ceniu nowej partii czy obj\u0119ciu przyw\u00f3dztwa w PiS, bliscy wsp\u00f3\u0142pracownicy by\u0142ego prezydenta jednoznacznie zaprzeczaj\u0105. Duda nie chce by\u0107 \u201epartyjniakiem\u201d i zamierza prze\u0142ama\u0107 schemat politycznej emerytury.<\/p>\n\n\n\n<p>Najbardziej prawdopodobnym scenariuszem jest powo\u0142anie mi\u0119dzynarodowego instytutu lub think tanku skoncentrowanego wok\u00f3\u0142 Tr\u00f3jmorza \u2013 idei, kt\u00f3r\u0105 Duda mocno promowa\u0142 w czasie swojej kadencji. Cho\u0107 formalne kroki jeszcze nie zosta\u0142y podj\u0119te, temat pojawia\u0142 si\u0119 regularnie w prywatnych rozmowach prezydenta.<\/p>\n\n\n\n<p>Na razie Duda promuje swoj\u0105 ksi\u0105\u017ck\u0119 \u201eTo ja\u201d i otwiera biura w Krakowie i Warszawie. Jego otoczenie podkre\u015bla jednak, \u017ce to dopiero pocz\u0105tek nowego etapu \u2013 z dala od partyjnych struktur, ale wci\u0105\u017c blisko wielkiej polityki.<\/p>\n\n\n\n<p>Nie planuje powrotu na Uniwersytet Jagiello\u0144ski, cho\u0107 jako by\u0142y prezydent zachowuje liczne przywileje \u2013 m.in. ochron\u0119 SOP i do\u017cywotni\u0105 emerytur\u0119 w wysoko\u015bci oko\u0142o 18,5 tys. z\u0142 miesi\u0119cznie.<\/p>\n\n\n\n<p>\u2013 Jeszcze o nim us\u0142yszymy \u2013 zapewniaj\u0105 ludzie z jego otoczenia. W jakiej roli? To na razie pozostaje tajemnic\u0105.<\/p>\n","protected":false},"excerpt":{"rendered":"<p>Andrzej Duda po dziesi\u0119ciu latach zako\u0144czy\u0142 prezydenck\u0105 misj\u0119, ale \u2013 jak sam podkre\u015bla \u2013 nie zamierza znika\u0107 z \u017cycia publicznego. Cho\u0107 pojawia\u0142y si\u0119 spekulacje o za\u0142o\u017ceniu nowej partii czy obj\u0119ciu przyw\u00f3dztwa w PiS, bliscy wsp\u00f3\u0142pracownicy by\u0142ego prezydenta jednoznacznie zaprzeczaj\u0105. Duda nie chce by\u0107 \u201epartyjniakiem\u201d i zamierza prze\u0142ama\u0107 schemat politycznej emerytury. Najbardziej prawdopodobnym scenariuszem jest powo\u0142anie &#8230; <a title=\"Nie chce emerytury ani partii. Andrzej Duda planuje powr\u00f3t, ale zupe\u0142nie inaczej ni\u017c my\u015blisz\" class=\"read-more\" href=\"https:\/\/dobrezrodla.com\/?p=3547\" aria-label=\"Read more about Nie chce emerytury ani partii. Andrzej Duda planuje powr\u00f3t, ale zupe\u0142nie inaczej ni\u017c my\u015blisz\">Read more<\/a><\/p>\n","protected":false},"author":1,"featured_media":3548,"comment_status":"open","ping_status":"open","sticky":false,"template":"","format":"standard","meta":{"footnotes":""},"categories":[1],"tags":[],"class_list":["post-3547","post","type-post","status-publish","format-standard","has-post-thumbnail","hentry","category-uncategorized"],"_links":{"self":[{"href":"https:\/\/dobrezrodla.com\/index.php?rest_route=\/wp\/v2\/posts\/3547","targetHints":{"allow":["GET"]}}],"collection":[{"href":"https:\/\/dobrezrodla.com\/index.php?rest_route=\/wp\/v2\/posts"}],"about":[{"href":"https:\/\/dobrezrodla.com\/index.php?rest_route=\/wp\/v2\/types\/post"}],"author":[{"embeddable":true,"href":"https:\/\/dobrezrodla.com\/index.php?rest_route=\/wp\/v2\/users\/1"}],"replies":[{"embeddable":true,"href":"https:\/\/dobrezrodla.com\/index.php?rest_route=%2Fwp%2Fv2%2Fcomments&post=3547"}],"version-history":[{"count":1,"href":"https:\/\/dobrezrodla.com\/index.php?rest_route=\/wp\/v2\/posts\/3547\/revisions"}],"predecessor-version":[{"id":3549,"href":"https:\/\/dobrezrodla.com\/index.php?rest_route=\/wp\/v2\/posts\/3547\/revisions\/3549"}],"wp:featuredmedia":[{"embeddable":true,"href":"https:\/\/dobrezrodla.com\/index.php?rest_route=\/wp\/v2\/media\/3548"}],"wp:attachment":[{"href":"https:\/\/dobrezrodla.com\/index.php?rest_route=%2Fwp%2Fv2%2Fmedia&parent=3547"}],"wp:term":[{"taxonomy":"category","embeddable":true,"href":"https:\/\/dobrezrodla.com\/index.php?rest_route=%2Fwp%2Fv2%2Fcategories&post=3547"},{"taxonomy":"post_tag","embeddable":true,"href":"https:\/\/dobrezrodla.com\/index.php?rest_route=%2Fwp%2Fv2%2Ftags&post=3547"}],"curies":[{"name":"wp","href":"https:\/\/api.w.org\/{rel}","templated":true}]}}