{"id":3550,"date":"2025-08-31T11:28:33","date_gmt":"2025-08-31T11:28:33","guid":{"rendered":"https:\/\/dobrezrodla.com\/?p=3550"},"modified":"2025-08-31T11:28:33","modified_gmt":"2025-08-31T11:28:33","slug":"tajemnicze-nagranie-z-kokpitu-na-miejscu-katastrofy-f-16-odnaleziono-kamere-osobista-pilota","status":"publish","type":"post","link":"https:\/\/dobrezrodla.com\/?p=3550","title":{"rendered":"Tajemnicze nagranie z kokpitu? Na miejscu katastrofy F-16 odnaleziono kamer\u0119 osobist\u0105 pilota"},"content":{"rendered":"\n<p>\u015aledczy badaj\u0105cy tragedi\u0119 z udzia\u0142em F-16 w Radomiu natrafili na istotny trop. Jak potwierdzi\u0142 prokurator Piotr Antoni Skiba, na miejscu katastrofy odnaleziono kamer\u0119 nale\u017c\u0105c\u0105 do tragicznie zmar\u0142ego majora Macieja \u201eSlaba\u201d Krakowiana.<\/p>\n\n\n\n<p>Do wypadku dosz\u0142o podczas \u0107wicze\u0144 przed pokazami Air Show. Major Krakowian, do\u015bwiadczony pilot i jeden z najbardziej rozpoznawalnych cz\u0142onk\u00f3w polskiej eskadry F-16, zgin\u0105\u0142 na miejscu. Mia\u0142 zaledwie 35 lat.<\/p>\n\n\n\n<p>Zabezpieczona kamera to prawdopodobnie prywatny sprz\u0119t \u2013 niewielkie urz\u0105dzenie wykorzystywane cz\u0119sto przez sportowc\u00f3w i pilot\u00f3w do rejestrowania lot\u00f3w. Teraz zostanie ona przekazana bieg\u0142emu informatykowi, kt\u00f3ry sprawdzi, czy urz\u0105dzenie dzia\u0142a i czy zachowa\u0142y si\u0119 na nim jakiekolwiek nagrania. Analiza mo\u017ce potrwa\u0107 nawet kilka tygodni.<\/p>\n\n\n\n<p>Je\u015bli na kamerze znajduj\u0105 si\u0119 dane z ostatnich chwil przed katastrof\u0105, mog\u0105 one rzuci\u0107 nowe \u015bwiat\u0142o na to, co naprawd\u0119 wydarzy\u0142o si\u0119 w powietrzu nad Radomiem.<\/p>\n","protected":false},"excerpt":{"rendered":"<p>\u015aledczy badaj\u0105cy tragedi\u0119 z udzia\u0142em F-16 w Radomiu natrafili na istotny trop. Jak potwierdzi\u0142 prokurator Piotr Antoni Skiba, na miejscu katastrofy odnaleziono kamer\u0119 nale\u017c\u0105c\u0105 do tragicznie zmar\u0142ego majora Macieja \u201eSlaba\u201d Krakowiana. Do wypadku dosz\u0142o podczas \u0107wicze\u0144 przed pokazami Air Show. Major Krakowian, do\u015bwiadczony pilot i jeden z najbardziej rozpoznawalnych cz\u0142onk\u00f3w polskiej eskadry F-16, zgin\u0105\u0142 na &#8230; <a title=\"Tajemnicze nagranie z kokpitu? Na miejscu katastrofy F-16 odnaleziono kamer\u0119 osobist\u0105 pilota\" class=\"read-more\" href=\"https:\/\/dobrezrodla.com\/?p=3550\" aria-label=\"Read more about Tajemnicze nagranie z kokpitu? Na miejscu katastrofy F-16 odnaleziono kamer\u0119 osobist\u0105 pilota\">Read more<\/a><\/p>\n","protected":false},"author":1,"featured_media":3551,"comment_status":"open","ping_status":"open","sticky":false,"template":"","format":"standard","meta":{"footnotes":""},"categories":[1],"tags":[],"class_list":["post-3550","post","type-post","status-publish","format-standard","has-post-thumbnail","hentry","category-uncategorized"],"_links":{"self":[{"href":"https:\/\/dobrezrodla.com\/index.php?rest_route=\/wp\/v2\/posts\/3550","targetHints":{"allow":["GET"]}}],"collection":[{"href":"https:\/\/dobrezrodla.com\/index.php?rest_route=\/wp\/v2\/posts"}],"about":[{"href":"https:\/\/dobrezrodla.com\/index.php?rest_route=\/wp\/v2\/types\/post"}],"author":[{"embeddable":true,"href":"https:\/\/dobrezrodla.com\/index.php?rest_route=\/wp\/v2\/users\/1"}],"replies":[{"embeddable":true,"href":"https:\/\/dobrezrodla.com\/index.php?rest_route=%2Fwp%2Fv2%2Fcomments&post=3550"}],"version-history":[{"count":1,"href":"https:\/\/dobrezrodla.com\/index.php?rest_route=\/wp\/v2\/posts\/3550\/revisions"}],"predecessor-version":[{"id":3552,"href":"https:\/\/dobrezrodla.com\/index.php?rest_route=\/wp\/v2\/posts\/3550\/revisions\/3552"}],"wp:featuredmedia":[{"embeddable":true,"href":"https:\/\/dobrezrodla.com\/index.php?rest_route=\/wp\/v2\/media\/3551"}],"wp:attachment":[{"href":"https:\/\/dobrezrodla.com\/index.php?rest_route=%2Fwp%2Fv2%2Fmedia&parent=3550"}],"wp:term":[{"taxonomy":"category","embeddable":true,"href":"https:\/\/dobrezrodla.com\/index.php?rest_route=%2Fwp%2Fv2%2Fcategories&post=3550"},{"taxonomy":"post_tag","embeddable":true,"href":"https:\/\/dobrezrodla.com\/index.php?rest_route=%2Fwp%2Fv2%2Ftags&post=3550"}],"curies":[{"name":"wp","href":"https:\/\/api.w.org\/{rel}","templated":true}]}}