{"id":3553,"date":"2025-08-31T11:29:13","date_gmt":"2025-08-31T11:29:13","guid":{"rendered":"https:\/\/dobrezrodla.com\/?p=3553"},"modified":"2025-08-31T11:29:14","modified_gmt":"2025-08-31T11:29:14","slug":"ministrowie-usmiechnieci-prezydent-wsciekly-po-radzie-gabinetowej-wrze-a-domanski-nie-gryzl-sie-w-jezyk","status":"publish","type":"post","link":"https:\/\/dobrezrodla.com\/?p=3553","title":{"rendered":"Ministrowie u\u015bmiechni\u0119ci, prezydent w\u015bciek\u0142y? Po Radzie Gabinetowej wrze, a Doma\u0144ski nie gryz\u0142 si\u0119 w j\u0119zyk"},"content":{"rendered":"\n<p>Po burzliwej Radzie Gabinetowej emocje nie opad\u0142y. Minister finans\u00f3w i gospodarki Andrzej Doma\u0144ski w programie &#8220;Fakty po Faktach&#8221; bez ogr\u00f3dek stwierdzi\u0142, \u017ce cho\u0107 ministrowie wyszli z narady w &#8220;bardzo dobrym nastroju&#8221;, to z prezydentem Karolem Nawrockim by\u0142o&#8230; raczej odwrotnie.<\/p>\n\n\n\n<p>\u2013 W\u0105tpi\u0119, \u017ce prezydent te\u017c by\u0142 zadowolony \u2013 powiedzia\u0142 Doma\u0144ski, dodaj\u0105c, \u017ce kolejna taka rada mo\u017ce nie nast\u0105pi\u0107 zbyt pr\u0119dko.<\/p>\n\n\n\n<p>Pow\u00f3d? Otwarte starcie kompetencyjne. \u2013 Rz\u0105d nie jest od spe\u0142niania obietnic pana prezydenta \u2013 zaznaczy\u0142. I wprost skrytykowa\u0142 prezydenckie weto wobec ustawy wiatrakowej oraz nowelizacji dotycz\u0105cej Ukrai\u0144c\u00f3w, nazywaj\u0105c je &#8220;niem\u0105drymi&#8221;, &#8220;szkodliwymi&#8221; i &#8220;destabilizuj\u0105cymi gospodark\u0119&#8221;.<\/p>\n\n\n\n<p>Doma\u0144ski nie zamierza te\u017c szuka\u0107 miliard\u00f3w na pomys\u0142y, kt\u00f3re \u2013 jego zdaniem \u2013 promuj\u0105 wy\u0142\u0105cznie najbogatszych. Ostrzeg\u0142, \u017ce weto mo\u017ce wp\u0142yn\u0105\u0107 na wy\u017csze ceny energii i zahamowa\u0107 spadek st\u00f3p procentowych.<\/p>\n\n\n\n<p>Rz\u0105d pracuje te\u017c nad zwi\u0119kszeniem CIT dla bank\u00f3w, kt\u00f3re \u2013 jak podkre\u015bli\u0142 \u2013 notuj\u0105 rekordowe zyski. A je\u015bli b\u0119d\u0105 pr\u00f3bowa\u0107 je ukrywa\u0107? \u2013 B\u0119dziemy reagowa\u0107 \u2013 zapewni\u0142.<\/p>\n\n\n\n<p>Kryzys wsp\u00f3\u0142pracy na linii rz\u0105d\u2013prezydent wchodzi w now\u0105 faz\u0119. Atmosfera robi si\u0119 coraz g\u0119stsza.<\/p>\n","protected":false},"excerpt":{"rendered":"<p>Po burzliwej Radzie Gabinetowej emocje nie opad\u0142y. Minister finans\u00f3w i gospodarki Andrzej Doma\u0144ski w programie &#8220;Fakty po Faktach&#8221; bez ogr\u00f3dek stwierdzi\u0142, \u017ce cho\u0107 ministrowie wyszli z narady w &#8220;bardzo dobrym nastroju&#8221;, to z prezydentem Karolem Nawrockim by\u0142o&#8230; raczej odwrotnie. \u2013 W\u0105tpi\u0119, \u017ce prezydent te\u017c by\u0142 zadowolony \u2013 powiedzia\u0142 Doma\u0144ski, dodaj\u0105c, \u017ce kolejna taka rada mo\u017ce &#8230; <a title=\"Ministrowie u\u015bmiechni\u0119ci, prezydent w\u015bciek\u0142y? Po Radzie Gabinetowej wrze, a Doma\u0144ski nie gryz\u0142 si\u0119 w j\u0119zyk\" class=\"read-more\" href=\"https:\/\/dobrezrodla.com\/?p=3553\" aria-label=\"Read more about Ministrowie u\u015bmiechni\u0119ci, prezydent w\u015bciek\u0142y? Po Radzie Gabinetowej wrze, a Doma\u0144ski nie gryz\u0142 si\u0119 w j\u0119zyk\">Read more<\/a><\/p>\n","protected":false},"author":1,"featured_media":3554,"comment_status":"open","ping_status":"open","sticky":false,"template":"","format":"standard","meta":{"footnotes":""},"categories":[1],"tags":[],"class_list":["post-3553","post","type-post","status-publish","format-standard","has-post-thumbnail","hentry","category-uncategorized"],"_links":{"self":[{"href":"https:\/\/dobrezrodla.com\/index.php?rest_route=\/wp\/v2\/posts\/3553","targetHints":{"allow":["GET"]}}],"collection":[{"href":"https:\/\/dobrezrodla.com\/index.php?rest_route=\/wp\/v2\/posts"}],"about":[{"href":"https:\/\/dobrezrodla.com\/index.php?rest_route=\/wp\/v2\/types\/post"}],"author":[{"embeddable":true,"href":"https:\/\/dobrezrodla.com\/index.php?rest_route=\/wp\/v2\/users\/1"}],"replies":[{"embeddable":true,"href":"https:\/\/dobrezrodla.com\/index.php?rest_route=%2Fwp%2Fv2%2Fcomments&post=3553"}],"version-history":[{"count":1,"href":"https:\/\/dobrezrodla.com\/index.php?rest_route=\/wp\/v2\/posts\/3553\/revisions"}],"predecessor-version":[{"id":3555,"href":"https:\/\/dobrezrodla.com\/index.php?rest_route=\/wp\/v2\/posts\/3553\/revisions\/3555"}],"wp:featuredmedia":[{"embeddable":true,"href":"https:\/\/dobrezrodla.com\/index.php?rest_route=\/wp\/v2\/media\/3554"}],"wp:attachment":[{"href":"https:\/\/dobrezrodla.com\/index.php?rest_route=%2Fwp%2Fv2%2Fmedia&parent=3553"}],"wp:term":[{"taxonomy":"category","embeddable":true,"href":"https:\/\/dobrezrodla.com\/index.php?rest_route=%2Fwp%2Fv2%2Fcategories&post=3553"},{"taxonomy":"post_tag","embeddable":true,"href":"https:\/\/dobrezrodla.com\/index.php?rest_route=%2Fwp%2Fv2%2Ftags&post=3553"}],"curies":[{"name":"wp","href":"https:\/\/api.w.org\/{rel}","templated":true}]}}