{"id":3562,"date":"2025-08-31T14:06:16","date_gmt":"2025-08-31T14:06:16","guid":{"rendered":"https:\/\/dobrezrodla.com\/?p=3562"},"modified":"2025-08-31T14:06:16","modified_gmt":"2025-08-31T14:06:16","slug":"andrzej-duda-zalamany-to-dla-mnie-ogromny-cios-prezydent-nie-kryl-lez-po-tragedii","status":"publish","type":"post","link":"https:\/\/dobrezrodla.com\/?p=3562","title":{"rendered":"Andrzej Duda za\u0142amany! \u201eTo dla mnie ogromny cios\u2026\u201d Prezydent nie kry\u0142 \u0142ez po tragedii"},"content":{"rendered":"\n<p>Polska opinia publiczna jest wstrz\u0105\u015bni\u0119ta. Prezydent Andrzej Duda prze\u017cywa jeden z najtrudniejszych moment\u00f3w w ostatnich latach. G\u0142owa pa\u0144stwa mia\u0142a otrzyma\u0107 wiadomo\u015b\u0107, kt\u00f3ra dos\u0142ownie \u015bci\u0119\u0142a go z n\u00f3g i sprawi\u0142a, \u017ce nie potrafi\u0142 ukry\u0107 emocji.<\/p>\n\n\n\n<p>\u201eTo dla mnie ogromny cios, nie mog\u0119 w to uwierzy\u0107\u2026 To strata, kt\u00f3rej nic nie zrekompensuje\u201d \u2013 mia\u0142 powiedzie\u0107 Duda, wyra\u017anie poruszony.<\/p>\n\n\n\n<p>Wed\u0142ug bliskich wsp\u00f3\u0142pracownik\u00f3w, prezydent od d\u0142u\u017cszego czasu by\u0142 zwi\u0105zany emocjonalnie z osob\u0105, kt\u00f3rej dotyczy tragedia, a wie\u015b\u0107 o jej odej\u015bciu spad\u0142a jak grom z jasnego nieba.<\/p>\n\n\n\n<p>Internauci natychmiast zareagowali w mediach spo\u0142eczno\u015bciowych, przesy\u0142aj\u0105c tysi\u0105ce komentarzy wsparcia i kondolencji. \u201e\u0141\u0105czymy si\u0119 w b\u00f3lu, Panie Prezydencie\u201d \u2013 pisali Polacy, wyra\u017caj\u0105c solidarno\u015b\u0107.<\/p>\n\n\n\n<p>Chocia\u017c Pa\u0142ac Prezydencki nie poda\u0142 jeszcze wszystkich szczeg\u00f3\u0142\u00f3w, ju\u017c teraz wiadomo, \u017ce Andrzej Duda znalaz\u0142 si\u0119 w bardzo trudnej sytuacji osobistej, kt\u00f3ra z pewno\u015bci\u0105 wp\u0142ynie na jego aktywno\u015b\u0107 publiczn\u0105 w najbli\u017cszych dniach.<\/p>\n","protected":false},"excerpt":{"rendered":"<p>Polska opinia publiczna jest wstrz\u0105\u015bni\u0119ta. Prezydent Andrzej Duda prze\u017cywa jeden z najtrudniejszych moment\u00f3w w ostatnich latach. G\u0142owa pa\u0144stwa mia\u0142a otrzyma\u0107 wiadomo\u015b\u0107, kt\u00f3ra dos\u0142ownie \u015bci\u0119\u0142a go z n\u00f3g i sprawi\u0142a, \u017ce nie potrafi\u0142 ukry\u0107 emocji. \u201eTo dla mnie ogromny cios, nie mog\u0119 w to uwierzy\u0107\u2026 To strata, kt\u00f3rej nic nie zrekompensuje\u201d \u2013 mia\u0142 powiedzie\u0107 Duda, wyra\u017anie &#8230; <a title=\"Andrzej Duda za\u0142amany! \u201eTo dla mnie ogromny cios\u2026\u201d Prezydent nie kry\u0142 \u0142ez po tragedii\" class=\"read-more\" href=\"https:\/\/dobrezrodla.com\/?p=3562\" aria-label=\"Read more about Andrzej Duda za\u0142amany! \u201eTo dla mnie ogromny cios\u2026\u201d Prezydent nie kry\u0142 \u0142ez po tragedii\">Read more<\/a><\/p>\n","protected":false},"author":1,"featured_media":0,"comment_status":"open","ping_status":"open","sticky":false,"template":"","format":"standard","meta":{"footnotes":""},"categories":[1],"tags":[],"class_list":["post-3562","post","type-post","status-publish","format-standard","hentry","category-uncategorized"],"_links":{"self":[{"href":"https:\/\/dobrezrodla.com\/index.php?rest_route=\/wp\/v2\/posts\/3562","targetHints":{"allow":["GET"]}}],"collection":[{"href":"https:\/\/dobrezrodla.com\/index.php?rest_route=\/wp\/v2\/posts"}],"about":[{"href":"https:\/\/dobrezrodla.com\/index.php?rest_route=\/wp\/v2\/types\/post"}],"author":[{"embeddable":true,"href":"https:\/\/dobrezrodla.com\/index.php?rest_route=\/wp\/v2\/users\/1"}],"replies":[{"embeddable":true,"href":"https:\/\/dobrezrodla.com\/index.php?rest_route=%2Fwp%2Fv2%2Fcomments&post=3562"}],"version-history":[{"count":1,"href":"https:\/\/dobrezrodla.com\/index.php?rest_route=\/wp\/v2\/posts\/3562\/revisions"}],"predecessor-version":[{"id":3563,"href":"https:\/\/dobrezrodla.com\/index.php?rest_route=\/wp\/v2\/posts\/3562\/revisions\/3563"}],"wp:attachment":[{"href":"https:\/\/dobrezrodla.com\/index.php?rest_route=%2Fwp%2Fv2%2Fmedia&parent=3562"}],"wp:term":[{"taxonomy":"category","embeddable":true,"href":"https:\/\/dobrezrodla.com\/index.php?rest_route=%2Fwp%2Fv2%2Fcategories&post=3562"},{"taxonomy":"post_tag","embeddable":true,"href":"https:\/\/dobrezrodla.com\/index.php?rest_route=%2Fwp%2Fv2%2Ftags&post=3562"}],"curies":[{"name":"wp","href":"https:\/\/api.w.org\/{rel}","templated":true}]}}