{"id":3580,"date":"2025-09-01T06:55:09","date_gmt":"2025-09-01T06:55:09","guid":{"rendered":"https:\/\/dobrezrodla.com\/?p=3580"},"modified":"2025-09-01T06:55:09","modified_gmt":"2025-09-01T06:55:09","slug":"bogdan-borusewicz-ujawnia-to-ja-odpalilem-strajk-kulisy-przelomu-sprzed-40-lat","status":"publish","type":"post","link":"https:\/\/dobrezrodla.com\/?p=3580","title":{"rendered":"Bogdan Borusewicz ujawnia: \u201eTo ja odpali\u0142em strajk\u201d \u2013 kulisy prze\u0142omu sprzed 40 lat"},"content":{"rendered":"\n<p>Czterdzie\u015bci lat min\u0119\u0142o od momentu, gdy podpisano Porozumienia Sierpniowe \u2013 wydarzenie, kt\u00f3re zapocz\u0105tkowa\u0142o upadek komunizmu w Polsce. Bogdan Borusewicz, jedna z kluczowych postaci tamtego czasu, wraca we wspomnieniach do kluczowego momentu historii.<\/p>\n\n\n\n<p>W rozmowie z Piotrem Jaconiem podkre\u015bla, \u017ce to w\u0142a\u015bnie on by\u0142 inicjatorem protestu: \u201eBy\u0142em liderem do momentu rozpocz\u0119cia strajku. To ja go przygotowa\u0142em i odpali\u0142em\u201d \u2013 m\u00f3wi. Jednak gdy sytuacja nabra\u0142a tempa, przyw\u00f3dztwo przesz\u0142o w r\u0119ce tego, kto najlepiej odnalaz\u0142 si\u0119 w nowej rzeczywisto\u015bci. \u201eLiderem zosta\u0142 ten, kto czu\u0142 si\u0119 w tej roli najlepiej\u201d \u2013 dodaje Borusewicz, nie kryj\u0105c uznania dla dalszych dzia\u0142a\u0144 ruchu.<\/p>\n\n\n\n<p>Porozumienia z sierpnia 1980 roku otworzy\u0142y drzwi do powstania Solidarno\u015bci i sta\u0142y si\u0119 impulsem dla przemian demokratycznych w ca\u0142ym regionie Europy \u015arodkowo-Wschodniej. Dzi\u015b Borusewicz m\u00f3wi o tamtych dniach z dystansem, ale te\u017c dum\u0105 \u2013 podkre\u015blaj\u0105c, jak wa\u017cne by\u0142y odwaga, odpowiedzialno\u015b\u0107 i w\u0142a\u015bciwe decyzje podj\u0119te w odpowiednim momencie.<\/p>\n","protected":false},"excerpt":{"rendered":"<p>Czterdzie\u015bci lat min\u0119\u0142o od momentu, gdy podpisano Porozumienia Sierpniowe \u2013 wydarzenie, kt\u00f3re zapocz\u0105tkowa\u0142o upadek komunizmu w Polsce. Bogdan Borusewicz, jedna z kluczowych postaci tamtego czasu, wraca we wspomnieniach do kluczowego momentu historii. W rozmowie z Piotrem Jaconiem podkre\u015bla, \u017ce to w\u0142a\u015bnie on by\u0142 inicjatorem protestu: \u201eBy\u0142em liderem do momentu rozpocz\u0119cia strajku. To ja go przygotowa\u0142em &#8230; <a title=\"Bogdan Borusewicz ujawnia: \u201eTo ja odpali\u0142em strajk\u201d \u2013 kulisy prze\u0142omu sprzed 40 lat\" class=\"read-more\" href=\"https:\/\/dobrezrodla.com\/?p=3580\" aria-label=\"Read more about Bogdan Borusewicz ujawnia: \u201eTo ja odpali\u0142em strajk\u201d \u2013 kulisy prze\u0142omu sprzed 40 lat\">Read more<\/a><\/p>\n","protected":false},"author":1,"featured_media":3581,"comment_status":"open","ping_status":"open","sticky":false,"template":"","format":"standard","meta":{"footnotes":""},"categories":[1],"tags":[],"class_list":["post-3580","post","type-post","status-publish","format-standard","has-post-thumbnail","hentry","category-uncategorized"],"_links":{"self":[{"href":"https:\/\/dobrezrodla.com\/index.php?rest_route=\/wp\/v2\/posts\/3580","targetHints":{"allow":["GET"]}}],"collection":[{"href":"https:\/\/dobrezrodla.com\/index.php?rest_route=\/wp\/v2\/posts"}],"about":[{"href":"https:\/\/dobrezrodla.com\/index.php?rest_route=\/wp\/v2\/types\/post"}],"author":[{"embeddable":true,"href":"https:\/\/dobrezrodla.com\/index.php?rest_route=\/wp\/v2\/users\/1"}],"replies":[{"embeddable":true,"href":"https:\/\/dobrezrodla.com\/index.php?rest_route=%2Fwp%2Fv2%2Fcomments&post=3580"}],"version-history":[{"count":1,"href":"https:\/\/dobrezrodla.com\/index.php?rest_route=\/wp\/v2\/posts\/3580\/revisions"}],"predecessor-version":[{"id":3582,"href":"https:\/\/dobrezrodla.com\/index.php?rest_route=\/wp\/v2\/posts\/3580\/revisions\/3582"}],"wp:featuredmedia":[{"embeddable":true,"href":"https:\/\/dobrezrodla.com\/index.php?rest_route=\/wp\/v2\/media\/3581"}],"wp:attachment":[{"href":"https:\/\/dobrezrodla.com\/index.php?rest_route=%2Fwp%2Fv2%2Fmedia&parent=3580"}],"wp:term":[{"taxonomy":"category","embeddable":true,"href":"https:\/\/dobrezrodla.com\/index.php?rest_route=%2Fwp%2Fv2%2Fcategories&post=3580"},{"taxonomy":"post_tag","embeddable":true,"href":"https:\/\/dobrezrodla.com\/index.php?rest_route=%2Fwp%2Fv2%2Ftags&post=3580"}],"curies":[{"name":"wp","href":"https:\/\/api.w.org\/{rel}","templated":true}]}}