{"id":3586,"date":"2025-09-01T06:56:49","date_gmt":"2025-09-01T06:56:49","guid":{"rendered":"https:\/\/dobrezrodla.com\/?p=3586"},"modified":"2025-09-01T06:56:49","modified_gmt":"2025-09-01T06:56:49","slug":"tusk-i-von-der-leyen-twarza-w-twarz-z-bialoruskimi-zolnierzami-mimo-ostrzezen-nie-odwolali-wizyty","status":"publish","type":"post","link":"https:\/\/dobrezrodla.com\/?p=3586","title":{"rendered":"Tusk i von der Leyen twarz\u0105 w twarz z bia\u0142oruskimi \u017co\u0142nierzami. Mimo ostrze\u017ce\u0144 nie odwo\u0142ali wizyty"},"content":{"rendered":"\n<p>Mimo wyra\u017anych sygna\u0142\u00f3w o mo\u017cliwym zagro\u017ceniu, premier Donald Tusk i przewodnicz\u0105ca Komisji Europejskiej Ursula von der Leyen nie zmienili plan\u00f3w i w niedziel\u0119 pojawili si\u0119 na granicy polsko-bia\u0142oruskiej w Krynkach. Na miejscu zauwa\u017cono uzbrojonych bia\u0142oruskich \u017co\u0142nierzy patroluj\u0105cych teren tu\u017c przy ogrodzeniu.<\/p>\n\n\n\n<p>Wizyta, kt\u00f3ra pierwotnie mia\u0142a charakter symboliczny, zyska\u0142a zupe\u0142nie nowy wymiar \u2013 polityczny i pokazowy. Jak ujawni\u0142 Donald Tusk, s\u0142u\u017cby rekomendowa\u0142y zmian\u0119 miejsca konferencji z powodu obecno\u015bci \u017co\u0142nierzy z d\u0142ug\u0105 broni\u0105 po drugiej stronie zapory granicznej. Szef rz\u0105du zapyta\u0142 wtedy von der Leyen, czy jest gotowa kontynuowa\u0107 plan mimo sytuacji. Jej odpowied\u017a by\u0142a jednoznaczna: \u201ezero ust\u0119pstw\u201d.<\/p>\n\n\n\n<p>Wsp\u00f3lna konferencja prasowa odby\u0142a si\u0119 zgodnie z planem. Zdj\u0119cie udost\u0119pnione przez Tuska w mediach spo\u0142eczno\u015bciowych pokaza\u0142o skal\u0119 napi\u0119cia \u2013 za plecami polityk\u00f3w wida\u0107 sylwetk\u0119 uzbrojonego Bia\u0142orusina.<\/p>\n\n\n\n<p>Spotkanie mia\u0142o na celu podkre\u015blenie roli Polski jako stra\u017cnika wschodniej granicy Unii Europejskiej i pokazanie jedno\u015bci oraz determinacji Zachodu w obliczu presji ze strony autorytarnych re\u017cim\u00f3w. \u2013 Jeste\u015bmy tu po to, by pokaza\u0107, \u017ce nikt nas nie zastraszy \u2013 podkre\u015bli\u0142 premier. \u2013 No i prze\u017cyli\u015bmy \u2013 doda\u0142 z ironi\u0105.<\/p>\n","protected":false},"excerpt":{"rendered":"<p>Mimo wyra\u017anych sygna\u0142\u00f3w o mo\u017cliwym zagro\u017ceniu, premier Donald Tusk i przewodnicz\u0105ca Komisji Europejskiej Ursula von der Leyen nie zmienili plan\u00f3w i w niedziel\u0119 pojawili si\u0119 na granicy polsko-bia\u0142oruskiej w Krynkach. Na miejscu zauwa\u017cono uzbrojonych bia\u0142oruskich \u017co\u0142nierzy patroluj\u0105cych teren tu\u017c przy ogrodzeniu. Wizyta, kt\u00f3ra pierwotnie mia\u0142a charakter symboliczny, zyska\u0142a zupe\u0142nie nowy wymiar \u2013 polityczny i pokazowy. &#8230; <a title=\"Tusk i von der Leyen twarz\u0105 w twarz z bia\u0142oruskimi \u017co\u0142nierzami. Mimo ostrze\u017ce\u0144 nie odwo\u0142ali wizyty\" class=\"read-more\" href=\"https:\/\/dobrezrodla.com\/?p=3586\" aria-label=\"Read more about Tusk i von der Leyen twarz\u0105 w twarz z bia\u0142oruskimi \u017co\u0142nierzami. Mimo ostrze\u017ce\u0144 nie odwo\u0142ali wizyty\">Read more<\/a><\/p>\n","protected":false},"author":1,"featured_media":3587,"comment_status":"open","ping_status":"open","sticky":false,"template":"","format":"standard","meta":{"footnotes":""},"categories":[1],"tags":[],"class_list":["post-3586","post","type-post","status-publish","format-standard","has-post-thumbnail","hentry","category-uncategorized"],"_links":{"self":[{"href":"https:\/\/dobrezrodla.com\/index.php?rest_route=\/wp\/v2\/posts\/3586","targetHints":{"allow":["GET"]}}],"collection":[{"href":"https:\/\/dobrezrodla.com\/index.php?rest_route=\/wp\/v2\/posts"}],"about":[{"href":"https:\/\/dobrezrodla.com\/index.php?rest_route=\/wp\/v2\/types\/post"}],"author":[{"embeddable":true,"href":"https:\/\/dobrezrodla.com\/index.php?rest_route=\/wp\/v2\/users\/1"}],"replies":[{"embeddable":true,"href":"https:\/\/dobrezrodla.com\/index.php?rest_route=%2Fwp%2Fv2%2Fcomments&post=3586"}],"version-history":[{"count":1,"href":"https:\/\/dobrezrodla.com\/index.php?rest_route=\/wp\/v2\/posts\/3586\/revisions"}],"predecessor-version":[{"id":3588,"href":"https:\/\/dobrezrodla.com\/index.php?rest_route=\/wp\/v2\/posts\/3586\/revisions\/3588"}],"wp:featuredmedia":[{"embeddable":true,"href":"https:\/\/dobrezrodla.com\/index.php?rest_route=\/wp\/v2\/media\/3587"}],"wp:attachment":[{"href":"https:\/\/dobrezrodla.com\/index.php?rest_route=%2Fwp%2Fv2%2Fmedia&parent=3586"}],"wp:term":[{"taxonomy":"category","embeddable":true,"href":"https:\/\/dobrezrodla.com\/index.php?rest_route=%2Fwp%2Fv2%2Fcategories&post=3586"},{"taxonomy":"post_tag","embeddable":true,"href":"https:\/\/dobrezrodla.com\/index.php?rest_route=%2Fwp%2Fv2%2Ftags&post=3586"}],"curies":[{"name":"wp","href":"https:\/\/api.w.org\/{rel}","templated":true}]}}