{"id":3589,"date":"2025-09-01T06:57:49","date_gmt":"2025-09-01T06:57:49","guid":{"rendered":"https:\/\/dobrezrodla.com\/?p=3589"},"modified":"2025-09-01T06:57:49","modified_gmt":"2025-09-01T06:57:49","slug":"nie-wyobrazam-sobie-podzielenia-ludzi-emocjonalne-wystapienie-krzywonos-strycharskiej-na-rocznicy-solidarnosci","status":"publish","type":"post","link":"https:\/\/dobrezrodla.com\/?p=3589","title":{"rendered":"\u201eNie wyobra\u017cam sobie podzielenia ludzi\u201d \u2013 emocjonalne wyst\u0105pienie Krzywonos-Strycharskiej na rocznicy Solidarno\u015bci"},"content":{"rendered":"\n<p>W 45. rocznic\u0119 podpisania Porozumie\u0144 Sierpniowych Gda\u0144sk sta\u0142 si\u0119 scen\u0105 nie jednej, a dw\u00f3ch oddzielnych uroczysto\u015bci. Symboliczne bramki i barierki fizycznie podzieli\u0142y Plac Solidarno\u015bci \u2013 a w tle rozbrzmiewa\u0142y s\u0142owa Henryki Krzywonos-Strycharskiej, kt\u00f3ra nie gryz\u0142a si\u0119 w j\u0119zyk.<\/p>\n\n\n\n<p>Bohaterka Sierpnia &#8217;80 i pos\u0142anka Koalicji Obywatelskiej otwarcie skrytykowa\u0142a podzia\u0142y, kt\u00f3re \u2013 jej zdaniem \u2013 zacz\u0119\u0142y si\u0119 po katastrofie smole\u0144skiej. \u2013 Podzieli\u0142 nas jeden ma\u0142y cz\u0142owiek \u2013 powiedzia\u0142a ze sceny, odnosz\u0105c si\u0119 do Jaros\u0142awa Kaczy\u0144skiego. \u2013 45 lat temu byli\u015bmy tu razem. Dzi\u015b \u2013 osobno.<\/p>\n\n\n\n<p>Uroczysto\u015b\u0107 pod historyczn\u0105 Bram\u0105 nr 2 mia\u0142a otwarty charakter i gromadzi\u0142a wielu uczestnik\u00f3w dawnych protest\u00f3w. R\u00f3wnolegle, w Sali BHP, odbywa\u0142y si\u0119 zamkni\u0119te obchody organizowane przez NSZZ \u201eSolidarno\u015b\u0107\u201d z udzia\u0142em prezydenta Karola Nawrockiego \u2013 na kt\u00f3re nie wpuszczono dziennikarzy TVN24.<\/p>\n\n\n\n<p>Krzywonos-Strycharska nie kry\u0142a emocji, m\u00f3wi\u0105c o bramkach dziel\u0105cych plac: \u2013 Ja za chwil\u0119 p\u00f3jd\u0119 i jedn\u0105 wy\u0142ami\u0119. To jest po prostu skandal. Wspomnia\u0142a r\u00f3wnie\u017c, \u017ce osoby obecne przy pomniku \u201ekiedy\u015b by\u0142y z nami\u201d, ale \u201epos\u0142ucha\u0142y ma\u0142ego kurdupla\u201d. Swoje s\u0142owa kontynuowa\u0142a tak\u017ce w mediach spo\u0142eczno\u015bciowych, zarzucaj\u0105c prezydentowi Nawrockiemu, \u017ce zawi\u00f3d\u0142 jako g\u0142owa wszystkich Polak\u00f3w.<\/p>\n\n\n\n<p>Cho\u0107 jej wyst\u0105pienie wzbudzi\u0142o kontrowersje, wielu uczestnik\u00f3w zgodzi\u0142o si\u0119 z przes\u0142aniem \u2013 \u017ce Solidarno\u015b\u0107, kt\u00f3rej si\u0142\u0105 by\u0142a jedno\u015b\u0107, nie powinna dzi\u015b sta\u0107 po dw\u00f3ch stronach p\u0142otu.<\/p>\n","protected":false},"excerpt":{"rendered":"<p>W 45. rocznic\u0119 podpisania Porozumie\u0144 Sierpniowych Gda\u0144sk sta\u0142 si\u0119 scen\u0105 nie jednej, a dw\u00f3ch oddzielnych uroczysto\u015bci. Symboliczne bramki i barierki fizycznie podzieli\u0142y Plac Solidarno\u015bci \u2013 a w tle rozbrzmiewa\u0142y s\u0142owa Henryki Krzywonos-Strycharskiej, kt\u00f3ra nie gryz\u0142a si\u0119 w j\u0119zyk. Bohaterka Sierpnia &#8217;80 i pos\u0142anka Koalicji Obywatelskiej otwarcie skrytykowa\u0142a podzia\u0142y, kt\u00f3re \u2013 jej zdaniem \u2013 zacz\u0119\u0142y si\u0119 &#8230; <a title=\"\u201eNie wyobra\u017cam sobie podzielenia ludzi\u201d \u2013 emocjonalne wyst\u0105pienie Krzywonos-Strycharskiej na rocznicy Solidarno\u015bci\" class=\"read-more\" href=\"https:\/\/dobrezrodla.com\/?p=3589\" aria-label=\"Read more about \u201eNie wyobra\u017cam sobie podzielenia ludzi\u201d \u2013 emocjonalne wyst\u0105pienie Krzywonos-Strycharskiej na rocznicy Solidarno\u015bci\">Read more<\/a><\/p>\n","protected":false},"author":1,"featured_media":3590,"comment_status":"open","ping_status":"open","sticky":false,"template":"","format":"standard","meta":{"footnotes":""},"categories":[1],"tags":[],"class_list":["post-3589","post","type-post","status-publish","format-standard","has-post-thumbnail","hentry","category-uncategorized"],"_links":{"self":[{"href":"https:\/\/dobrezrodla.com\/index.php?rest_route=\/wp\/v2\/posts\/3589","targetHints":{"allow":["GET"]}}],"collection":[{"href":"https:\/\/dobrezrodla.com\/index.php?rest_route=\/wp\/v2\/posts"}],"about":[{"href":"https:\/\/dobrezrodla.com\/index.php?rest_route=\/wp\/v2\/types\/post"}],"author":[{"embeddable":true,"href":"https:\/\/dobrezrodla.com\/index.php?rest_route=\/wp\/v2\/users\/1"}],"replies":[{"embeddable":true,"href":"https:\/\/dobrezrodla.com\/index.php?rest_route=%2Fwp%2Fv2%2Fcomments&post=3589"}],"version-history":[{"count":1,"href":"https:\/\/dobrezrodla.com\/index.php?rest_route=\/wp\/v2\/posts\/3589\/revisions"}],"predecessor-version":[{"id":3591,"href":"https:\/\/dobrezrodla.com\/index.php?rest_route=\/wp\/v2\/posts\/3589\/revisions\/3591"}],"wp:featuredmedia":[{"embeddable":true,"href":"https:\/\/dobrezrodla.com\/index.php?rest_route=\/wp\/v2\/media\/3590"}],"wp:attachment":[{"href":"https:\/\/dobrezrodla.com\/index.php?rest_route=%2Fwp%2Fv2%2Fmedia&parent=3589"}],"wp:term":[{"taxonomy":"category","embeddable":true,"href":"https:\/\/dobrezrodla.com\/index.php?rest_route=%2Fwp%2Fv2%2Fcategories&post=3589"},{"taxonomy":"post_tag","embeddable":true,"href":"https:\/\/dobrezrodla.com\/index.php?rest_route=%2Fwp%2Fv2%2Ftags&post=3589"}],"curies":[{"name":"wp","href":"https:\/\/api.w.org\/{rel}","templated":true}]}}