{"id":3601,"date":"2025-09-01T07:01:09","date_gmt":"2025-09-01T07:01:09","guid":{"rendered":"https:\/\/dobrezrodla.com\/?p=3601"},"modified":"2025-09-01T07:01:10","modified_gmt":"2025-09-01T07:01:10","slug":"tysiace-norwegow-na-ulicach-po-zabojstwie-tamimy-juhar-najwiekszy-protest-przeciwko-rasizmowi-od-lat","status":"publish","type":"post","link":"https:\/\/dobrezrodla.com\/?p=3601","title":{"rendered":"Tysi\u0105ce Norweg\u00f3w na ulicach po zab\u00f3jstwie Tamimy Juhar. Najwi\u0119kszy protest przeciwko rasizmowi od lat"},"content":{"rendered":"\n<p>W centrum Oslo zebra\u0142o si\u0119 oko\u0142o 15 tysi\u0119cy os\u00f3b, by zaprotestowa\u0107 przeciwko rasizmowi i skrajnym ideologiom po brutalnym zab\u00f3jstwie Tamimy Nibras Juhar \u2013 34-letniej opiekunki z Etiopii, zamordowanej przez 18-letniego nacjonalist\u0119. \u015aledczy potwierdzili, \u017ce motywy zbrodni mia\u0142y charakter polityczny i rasowy.<\/p>\n\n\n\n<p>Do tragedii dosz\u0142o w nocy z 24 na 25 sierpnia. Sprawca by\u0142 podopiecznym o\u015brodka wychowawczego, w kt\u00f3rym pracowa\u0142a ofiara. Zatrzymany tego samego dnia, przyzna\u0142 si\u0119 do czynu, ale nie uzna\u0142 winy. Prokuratura zarzuci\u0142a mu morderstwo oraz przygotowanie aktu terrorystycznego \u2013 planowa\u0142 bowiem tak\u017ce podpali\u0107 meczet.<\/p>\n\n\n\n<p>Niedzielna manifestacja w Oslo by\u0142a najwi\u0119kszym protestem spo\u0142ecznym w Norwegii od czasu zamach\u00f3w Breivika w 2011 roku. Na placu Youngstorget pojawili si\u0119 przedstawiciele wszystkich partii, liderzy religijni i t\u0142umy mieszka\u0144c\u00f3w, trzymaj\u0105cych r\u00f3\u017ce \u2013 symbol wsp\u00f3lnoty i pami\u0119ci.<\/p>\n\n\n\n<p>Dwa dni wcze\u015bniej odby\u0142 si\u0119 pogrzeb Tamimy Juhar, w kt\u00f3rym uczestniczyli tak\u017ce wysocy rang\u0105 politycy, w tym premier Jonas Gahr Stoere oraz by\u0142y szef NATO Jens Stoltenberg. Jej \u015bmier\u0107 wywo\u0142a\u0142a debat\u0119 o rosn\u0105cej radykalizacji m\u0142odych Norweg\u00f3w \u2013 kontrwywiad PST potwierdzi\u0142, \u017ce sprawca by\u0142 od dawna monitorowany i powi\u0105zany z ruchem \u201eStop Islamizacji Norwegii\u201d.<\/p>\n","protected":false},"excerpt":{"rendered":"<p>W centrum Oslo zebra\u0142o si\u0119 oko\u0142o 15 tysi\u0119cy os\u00f3b, by zaprotestowa\u0107 przeciwko rasizmowi i skrajnym ideologiom po brutalnym zab\u00f3jstwie Tamimy Nibras Juhar \u2013 34-letniej opiekunki z Etiopii, zamordowanej przez 18-letniego nacjonalist\u0119. \u015aledczy potwierdzili, \u017ce motywy zbrodni mia\u0142y charakter polityczny i rasowy. Do tragedii dosz\u0142o w nocy z 24 na 25 sierpnia. Sprawca by\u0142 podopiecznym o\u015brodka &#8230; <a title=\"Tysi\u0105ce Norweg\u00f3w na ulicach po zab\u00f3jstwie Tamimy Juhar. Najwi\u0119kszy protest przeciwko rasizmowi od lat\" class=\"read-more\" href=\"https:\/\/dobrezrodla.com\/?p=3601\" aria-label=\"Read more about Tysi\u0105ce Norweg\u00f3w na ulicach po zab\u00f3jstwie Tamimy Juhar. Najwi\u0119kszy protest przeciwko rasizmowi od lat\">Read more<\/a><\/p>\n","protected":false},"author":1,"featured_media":3602,"comment_status":"open","ping_status":"open","sticky":false,"template":"","format":"standard","meta":{"footnotes":""},"categories":[1],"tags":[],"class_list":["post-3601","post","type-post","status-publish","format-standard","has-post-thumbnail","hentry","category-uncategorized"],"_links":{"self":[{"href":"https:\/\/dobrezrodla.com\/index.php?rest_route=\/wp\/v2\/posts\/3601","targetHints":{"allow":["GET"]}}],"collection":[{"href":"https:\/\/dobrezrodla.com\/index.php?rest_route=\/wp\/v2\/posts"}],"about":[{"href":"https:\/\/dobrezrodla.com\/index.php?rest_route=\/wp\/v2\/types\/post"}],"author":[{"embeddable":true,"href":"https:\/\/dobrezrodla.com\/index.php?rest_route=\/wp\/v2\/users\/1"}],"replies":[{"embeddable":true,"href":"https:\/\/dobrezrodla.com\/index.php?rest_route=%2Fwp%2Fv2%2Fcomments&post=3601"}],"version-history":[{"count":1,"href":"https:\/\/dobrezrodla.com\/index.php?rest_route=\/wp\/v2\/posts\/3601\/revisions"}],"predecessor-version":[{"id":3603,"href":"https:\/\/dobrezrodla.com\/index.php?rest_route=\/wp\/v2\/posts\/3601\/revisions\/3603"}],"wp:featuredmedia":[{"embeddable":true,"href":"https:\/\/dobrezrodla.com\/index.php?rest_route=\/wp\/v2\/media\/3602"}],"wp:attachment":[{"href":"https:\/\/dobrezrodla.com\/index.php?rest_route=%2Fwp%2Fv2%2Fmedia&parent=3601"}],"wp:term":[{"taxonomy":"category","embeddable":true,"href":"https:\/\/dobrezrodla.com\/index.php?rest_route=%2Fwp%2Fv2%2Fcategories&post=3601"},{"taxonomy":"post_tag","embeddable":true,"href":"https:\/\/dobrezrodla.com\/index.php?rest_route=%2Fwp%2Fv2%2Ftags&post=3601"}],"curies":[{"name":"wp","href":"https:\/\/api.w.org\/{rel}","templated":true}]}}