{"id":3604,"date":"2025-09-01T07:02:18","date_gmt":"2025-09-01T07:02:18","guid":{"rendered":"https:\/\/dobrezrodla.com\/?p=3604"},"modified":"2025-09-01T07:02:18","modified_gmt":"2025-09-01T07:02:18","slug":"86-rocznica-wybuchu-ii-wojny-swiatowej-westerplatte-znow-stalo-sie-miejscem-narodowej-refleksji","status":"publish","type":"post","link":"https:\/\/dobrezrodla.com\/?p=3604","title":{"rendered":"86. rocznica wybuchu II wojny \u015bwiatowej. Westerplatte zn\u00f3w sta\u0142o si\u0119 miejscem narodowej refleksji"},"content":{"rendered":"\n<p>O 4:45 na Westerplatte zawy\u0142y syreny \u2013 dok\u0142adnie w tej samej chwili, gdy 86 lat temu pad\u0142y pierwsze strza\u0142y z niemieckiego pancernika \u201eSchleswig-Holstein\u201d. Tym symbolicznym gestem rozpocz\u0119\u0142y si\u0119 pa\u0144stwowe obchody rocznicy wybuchu II wojny \u015bwiatowej.<\/p>\n\n\n\n<p>Na uroczysto\u015bci przybyli najwy\u017csi przedstawiciele w\u0142adz pa\u0144stwowych \u2013 prezydent Karol Nawrocki, premier Donald Tusk, wicepremier i szef MON W\u0142adys\u0142aw Kosiniak-Kamysz oraz marsza\u0142ek Sejmu Szymon Ho\u0142ownia. W\u015br\u00f3d obecnych byli tak\u017ce kombatanci, harcerze i \u017co\u0142nierze Wojska Polskiego. Oddano ho\u0142d bohaterom sprzed lat, odczytano Apel Pami\u0119ci, zap\u0142on\u0105\u0142 Znicz Pokoju, a niebo przeci\u0105\u0142 salut armatni.<\/p>\n\n\n\n<p>Prezydent Nawrocki wykorzysta\u0142 okazj\u0119, by ponowi\u0107 \u017c\u0105danie reparacji wojennych od Niemiec. \u2013 Aby budowa\u0107 prawdziwe partnerstwo, musimy rozwi\u0105za\u0107 t\u0119 historyczn\u0105 kwesti\u0119 \u2013 powiedzia\u0142, apeluj\u0105c jednocze\u015bnie do rz\u0105du o wsparcie tej inicjatywy na arenie mi\u0119dzynarodowej.<\/p>\n\n\n\n<p>Premier Donald Tusk w swoim wyst\u0105pieniu skoncentrowa\u0142 si\u0119 na aktualnych zagro\u017ceniach, podkre\u015blaj\u0105c, \u017ce Polska nigdy wi\u0119cej nie mo\u017ce sta\u0107 si\u0119 ofiar\u0105 agresji. \u2013 Musimy umie\u0107 rozpozna\u0107, kto jest naszym wrogiem, a kto sojusznikiem \u2013 zaznaczy\u0142, wskazuj\u0105c na potrzeb\u0119 jedno\u015bci w ramach Unii Europejskiej i NATO.<\/p>\n\n\n\n<p>Szymon Ho\u0142ownia ostrzega\u0142 przed manipulacj\u0105 faktami, przypominaj\u0105c, \u017ce wojny cz\u0119sto zaczynaj\u0105 si\u0119 od k\u0142amstwa \u2013 podobnie jak w 1939 roku. Z kolei szef MON Kosiniak-Kamysz mocno akcentowa\u0142 w\u0105tek Ukrainy, przypominaj\u0105c, \u017ce trwa tam wojna, kt\u00f3ra bezpo\u015brednio wp\u0142ywa na bezpiecze\u0144stwo Polski.<\/p>\n\n\n\n<p>Obchody rocznicowe na Westerplatte to nie tylko moment zadumy nad histori\u0105, ale r\u00f3wnie\u017c silny przekaz wsp\u00f3\u0142czesny \u2013 przypomnienie o konieczno\u015bci obrony warto\u015bci i jedno\u015bci w obliczu nowych zagro\u017ce\u0144.<\/p>\n","protected":false},"excerpt":{"rendered":"<p>O 4:45 na Westerplatte zawy\u0142y syreny \u2013 dok\u0142adnie w tej samej chwili, gdy 86 lat temu pad\u0142y pierwsze strza\u0142y z niemieckiego pancernika \u201eSchleswig-Holstein\u201d. Tym symbolicznym gestem rozpocz\u0119\u0142y si\u0119 pa\u0144stwowe obchody rocznicy wybuchu II wojny \u015bwiatowej. Na uroczysto\u015bci przybyli najwy\u017csi przedstawiciele w\u0142adz pa\u0144stwowych \u2013 prezydent Karol Nawrocki, premier Donald Tusk, wicepremier i szef MON W\u0142adys\u0142aw Kosiniak-Kamysz &#8230; <a title=\"86. rocznica wybuchu II wojny \u015bwiatowej. Westerplatte zn\u00f3w sta\u0142o si\u0119 miejscem narodowej refleksji\" class=\"read-more\" href=\"https:\/\/dobrezrodla.com\/?p=3604\" aria-label=\"Read more about 86. rocznica wybuchu II wojny \u015bwiatowej. Westerplatte zn\u00f3w sta\u0142o si\u0119 miejscem narodowej refleksji\">Read more<\/a><\/p>\n","protected":false},"author":1,"featured_media":3605,"comment_status":"open","ping_status":"open","sticky":false,"template":"","format":"standard","meta":{"footnotes":""},"categories":[1],"tags":[],"class_list":["post-3604","post","type-post","status-publish","format-standard","has-post-thumbnail","hentry","category-uncategorized"],"_links":{"self":[{"href":"https:\/\/dobrezrodla.com\/index.php?rest_route=\/wp\/v2\/posts\/3604","targetHints":{"allow":["GET"]}}],"collection":[{"href":"https:\/\/dobrezrodla.com\/index.php?rest_route=\/wp\/v2\/posts"}],"about":[{"href":"https:\/\/dobrezrodla.com\/index.php?rest_route=\/wp\/v2\/types\/post"}],"author":[{"embeddable":true,"href":"https:\/\/dobrezrodla.com\/index.php?rest_route=\/wp\/v2\/users\/1"}],"replies":[{"embeddable":true,"href":"https:\/\/dobrezrodla.com\/index.php?rest_route=%2Fwp%2Fv2%2Fcomments&post=3604"}],"version-history":[{"count":1,"href":"https:\/\/dobrezrodla.com\/index.php?rest_route=\/wp\/v2\/posts\/3604\/revisions"}],"predecessor-version":[{"id":3606,"href":"https:\/\/dobrezrodla.com\/index.php?rest_route=\/wp\/v2\/posts\/3604\/revisions\/3606"}],"wp:featuredmedia":[{"embeddable":true,"href":"https:\/\/dobrezrodla.com\/index.php?rest_route=\/wp\/v2\/media\/3605"}],"wp:attachment":[{"href":"https:\/\/dobrezrodla.com\/index.php?rest_route=%2Fwp%2Fv2%2Fmedia&parent=3604"}],"wp:term":[{"taxonomy":"category","embeddable":true,"href":"https:\/\/dobrezrodla.com\/index.php?rest_route=%2Fwp%2Fv2%2Fcategories&post=3604"},{"taxonomy":"post_tag","embeddable":true,"href":"https:\/\/dobrezrodla.com\/index.php?rest_route=%2Fwp%2Fv2%2Ftags&post=3604"}],"curies":[{"name":"wp","href":"https:\/\/api.w.org\/{rel}","templated":true}]}}