{"id":3607,"date":"2025-09-01T15:37:27","date_gmt":"2025-09-01T15:37:27","guid":{"rendered":"https:\/\/dobrezrodla.com\/?p=3607"},"modified":"2025-09-01T15:37:28","modified_gmt":"2025-09-01T15:37:28","slug":"jaroslaw-kaczynski-wstrzasniety-tragedia-to-dla-mnie-najtrudniejsza-chwila","status":"publish","type":"post","link":"https:\/\/dobrezrodla.com\/?p=3607","title":{"rendered":"Jaros\u0142aw Kaczy\u0144ski wstrz\u0105\u015bni\u0119ty tragedi\u0105! \u201eTo dla mnie najtrudniejsza chwila\u2026\u201d"},"content":{"rendered":"\n<p>Polska scena polityczna \u017cyje dramatycznymi doniesieniami. Jaros\u0142aw Kaczy\u0144ski, lider Prawa i Sprawiedliwo\u015bci, znalaz\u0142 si\u0119 w centrum uwagi nie z powodu polityki,<\/p>\n\n\n\n<p> ale z powodu osobistej tragedii. Wed\u0142ug informacji bliskich wsp\u00f3\u0142pracownik\u00f3w, prezes partii jest zdruzgotany wiadomo\u015bci\u0105, kt\u00f3r\u0105 otrzyma\u0142 w ostatnich dniach.<\/p>\n\n\n\n<p>\u201eTo dla mnie najtrudniejsza chwila\u2026 Nie mog\u0119 uwierzy\u0107, \u017ce to si\u0119 sta\u0142o\u201d \u2013 mia\u0142 powiedzie\u0107 Kaczy\u0144ski, wyra\u017anie poruszony.<\/p>\n\n\n\n<p>Wie\u015b\u0107 o jego dramacie obieg\u0142a natychmiast media spo\u0142eczno\u015bciowe, a internauci zacz\u0119li masowo wyra\u017ca\u0107 s\u0142owa wsparcia i wsp\u00f3\u0142czucia. <\/p>\n\n\n\n<p>\u201eTrzymaj si\u0119, Panie Prezesie, jeste\u015bmy z Panem\u201d \u2013 pisz\u0105 sympatycy, podczas gdy nawet przeciwnicy polityczni podkre\u015blaj\u0105, \u017ce \u201ew obliczu takich tragedii wszyscy jeste\u015bmy tylko lud\u017ami\u201d.<\/p>\n\n\n\n<p>Szczeg\u00f3\u0142y dotycz\u0105ce tragedii nie zosta\u0142y jeszcze ujawnione, jednak wiadomo ju\u017c, \u017ce w \u017cyciu Jaros\u0142awa Kaczy\u0144skiego nast\u0105pi\u0142 <\/p>\n\n\n\n<p>wyj\u0105tkowo trudny moment, kt\u00f3ry mo\u017ce odcisn\u0105\u0107 pi\u0119tno r\u00f3wnie\u017c na jego aktywno\u015bci publicznej w najbli\u017cszym czasie.<\/p>\n","protected":false},"excerpt":{"rendered":"<p>Polska scena polityczna \u017cyje dramatycznymi doniesieniami. Jaros\u0142aw Kaczy\u0144ski, lider Prawa i Sprawiedliwo\u015bci, znalaz\u0142 si\u0119 w centrum uwagi nie z powodu polityki, ale z powodu osobistej tragedii. Wed\u0142ug informacji bliskich wsp\u00f3\u0142pracownik\u00f3w, prezes partii jest zdruzgotany wiadomo\u015bci\u0105, kt\u00f3r\u0105 otrzyma\u0142 w ostatnich dniach. \u201eTo dla mnie najtrudniejsza chwila\u2026 Nie mog\u0119 uwierzy\u0107, \u017ce to si\u0119 sta\u0142o\u201d \u2013 mia\u0142 powiedzie\u0107 &#8230; <a title=\"Jaros\u0142aw Kaczy\u0144ski wstrz\u0105\u015bni\u0119ty tragedi\u0105! \u201eTo dla mnie najtrudniejsza chwila\u2026\u201d\" class=\"read-more\" href=\"https:\/\/dobrezrodla.com\/?p=3607\" aria-label=\"Read more about Jaros\u0142aw Kaczy\u0144ski wstrz\u0105\u015bni\u0119ty tragedi\u0105! \u201eTo dla mnie najtrudniejsza chwila\u2026\u201d\">Read more<\/a><\/p>\n","protected":false},"author":1,"featured_media":0,"comment_status":"open","ping_status":"open","sticky":false,"template":"","format":"standard","meta":{"footnotes":""},"categories":[1],"tags":[],"class_list":["post-3607","post","type-post","status-publish","format-standard","hentry","category-uncategorized"],"_links":{"self":[{"href":"https:\/\/dobrezrodla.com\/index.php?rest_route=\/wp\/v2\/posts\/3607","targetHints":{"allow":["GET"]}}],"collection":[{"href":"https:\/\/dobrezrodla.com\/index.php?rest_route=\/wp\/v2\/posts"}],"about":[{"href":"https:\/\/dobrezrodla.com\/index.php?rest_route=\/wp\/v2\/types\/post"}],"author":[{"embeddable":true,"href":"https:\/\/dobrezrodla.com\/index.php?rest_route=\/wp\/v2\/users\/1"}],"replies":[{"embeddable":true,"href":"https:\/\/dobrezrodla.com\/index.php?rest_route=%2Fwp%2Fv2%2Fcomments&post=3607"}],"version-history":[{"count":1,"href":"https:\/\/dobrezrodla.com\/index.php?rest_route=\/wp\/v2\/posts\/3607\/revisions"}],"predecessor-version":[{"id":3608,"href":"https:\/\/dobrezrodla.com\/index.php?rest_route=\/wp\/v2\/posts\/3607\/revisions\/3608"}],"wp:attachment":[{"href":"https:\/\/dobrezrodla.com\/index.php?rest_route=%2Fwp%2Fv2%2Fmedia&parent=3607"}],"wp:term":[{"taxonomy":"category","embeddable":true,"href":"https:\/\/dobrezrodla.com\/index.php?rest_route=%2Fwp%2Fv2%2Fcategories&post=3607"},{"taxonomy":"post_tag","embeddable":true,"href":"https:\/\/dobrezrodla.com\/index.php?rest_route=%2Fwp%2Fv2%2Ftags&post=3607"}],"curies":[{"name":"wp","href":"https:\/\/api.w.org\/{rel}","templated":true}]}}