{"id":3616,"date":"2025-09-01T15:45:52","date_gmt":"2025-09-01T15:45:52","guid":{"rendered":"https:\/\/dobrezrodla.com\/?p=3616"},"modified":"2025-09-01T15:45:52","modified_gmt":"2025-09-01T15:45:52","slug":"tusk-i-von-der-leyen-na-granicy-z-bialorusia-jasny-przekaz-dosc-ustepstw","status":"publish","type":"post","link":"https:\/\/dobrezrodla.com\/?p=3616","title":{"rendered":"Tusk i von der Leyen na granicy z Bia\u0142orusi\u0105. Jasny przekaz: \u201eDo\u015b\u0107 ust\u0119pstw!\u201d"},"content":{"rendered":"\n<p> Premier Donald Tusk i przewodnicz\u0105ca Komisji Europejskiej Ursula von der Leyen spotkali si\u0119 w Krynkach, tu\u017c przy granicy z Bia\u0142orusi\u0105. To tam, gdzie Europa dos\u0142ownie styka si\u0119 z niebezpiecze\u0144stwem \u2013 wojn\u0105 hybrydow\u0105, prowokacjami ze strony Mi\u0144ska i Moskwy oraz presj\u0105 migracyjn\u0105, kt\u00f3r\u0105 obie strony nazywaj\u0105 \u201ezorganizowanym atakiem\u201d.<\/p>\n\n\n\n<p>\u2013 To nie jest \u017cadna migracja. To zaplanowane dzia\u0142ania rosyjskich i bia\u0142oruskich s\u0142u\u017cb \u2013 ostrzega\u0142 Tusk. W jego ocenie Europa musi by\u0107 twarda i zdecydowana: \u2013 Dosy\u0107 ust\u0119pstw, musimy by\u0107 dobrze przygotowani \u2013 grzmia\u0142 premier.<\/p>\n\n\n\n<p>W centrum rozm\u00f3w znalaz\u0142y si\u0119 m.in. projekt \u201eTarcza Wsch\u00f3d\u201d oraz realizacja programu SAFE \u2013 unijnej inicjatywy dozbrajania kontynentu. Ursula von der Leyen zapowiedzia\u0142a ogromny wzrost \u015brodk\u00f3w \u2013 trzykrotnie wi\u0119cej pieni\u0119dzy na ochron\u0119 granic i migracj\u0119, dziesi\u0119ciokrotny skok finansowania mobilno\u015bci wojskowej i pi\u0119ciokrotny wzrost inwestycji w obronno\u015b\u0107.<\/p>\n\n\n\n<p>\u2013 Granice Polski to nie tylko wasza sprawa. To nasza wsp\u00f3lna odpowiedzialno\u015b\u0107 \u2013 podkre\u015bli\u0142a szefowa KE. Doda\u0142a, \u017ce nowy bud\u017cet Unii Europejskiej przewiduje dodatkowe fundusze dla kraj\u00f3w s\u0105siaduj\u0105cych z Rosj\u0105 i Bia\u0142orusi\u0105.<\/p>\n\n\n\n<p>W ramach wizyty von der Leyen zapozna\u0142a si\u0119 z infrastruktur\u0105 graniczn\u0105, odwiedzi\u0142a posterunek Stra\u017cy Granicznej i obejrza\u0142a elementy budowanej \u201eTarczy Wsch\u00f3d\u201d.<\/p>\n","protected":false},"excerpt":{"rendered":"<p>Premier Donald Tusk i przewodnicz\u0105ca Komisji Europejskiej Ursula von der Leyen spotkali si\u0119 w Krynkach, tu\u017c przy granicy z Bia\u0142orusi\u0105. To tam, gdzie Europa dos\u0142ownie styka si\u0119 z niebezpiecze\u0144stwem \u2013 wojn\u0105 hybrydow\u0105, prowokacjami ze strony Mi\u0144ska i Moskwy oraz presj\u0105 migracyjn\u0105, kt\u00f3r\u0105 obie strony nazywaj\u0105 \u201ezorganizowanym atakiem\u201d. \u2013 To nie jest \u017cadna migracja. To zaplanowane &#8230; <a title=\"Tusk i von der Leyen na granicy z Bia\u0142orusi\u0105. Jasny przekaz: \u201eDo\u015b\u0107 ust\u0119pstw!\u201d\" class=\"read-more\" href=\"https:\/\/dobrezrodla.com\/?p=3616\" aria-label=\"Read more about Tusk i von der Leyen na granicy z Bia\u0142orusi\u0105. Jasny przekaz: \u201eDo\u015b\u0107 ust\u0119pstw!\u201d\">Read more<\/a><\/p>\n","protected":false},"author":1,"featured_media":3617,"comment_status":"open","ping_status":"open","sticky":false,"template":"","format":"standard","meta":{"footnotes":""},"categories":[1],"tags":[],"class_list":["post-3616","post","type-post","status-publish","format-standard","has-post-thumbnail","hentry","category-uncategorized"],"_links":{"self":[{"href":"https:\/\/dobrezrodla.com\/index.php?rest_route=\/wp\/v2\/posts\/3616","targetHints":{"allow":["GET"]}}],"collection":[{"href":"https:\/\/dobrezrodla.com\/index.php?rest_route=\/wp\/v2\/posts"}],"about":[{"href":"https:\/\/dobrezrodla.com\/index.php?rest_route=\/wp\/v2\/types\/post"}],"author":[{"embeddable":true,"href":"https:\/\/dobrezrodla.com\/index.php?rest_route=\/wp\/v2\/users\/1"}],"replies":[{"embeddable":true,"href":"https:\/\/dobrezrodla.com\/index.php?rest_route=%2Fwp%2Fv2%2Fcomments&post=3616"}],"version-history":[{"count":1,"href":"https:\/\/dobrezrodla.com\/index.php?rest_route=\/wp\/v2\/posts\/3616\/revisions"}],"predecessor-version":[{"id":3618,"href":"https:\/\/dobrezrodla.com\/index.php?rest_route=\/wp\/v2\/posts\/3616\/revisions\/3618"}],"wp:featuredmedia":[{"embeddable":true,"href":"https:\/\/dobrezrodla.com\/index.php?rest_route=\/wp\/v2\/media\/3617"}],"wp:attachment":[{"href":"https:\/\/dobrezrodla.com\/index.php?rest_route=%2Fwp%2Fv2%2Fmedia&parent=3616"}],"wp:term":[{"taxonomy":"category","embeddable":true,"href":"https:\/\/dobrezrodla.com\/index.php?rest_route=%2Fwp%2Fv2%2Fcategories&post=3616"},{"taxonomy":"post_tag","embeddable":true,"href":"https:\/\/dobrezrodla.com\/index.php?rest_route=%2Fwp%2Fv2%2Ftags&post=3616"}],"curies":[{"name":"wp","href":"https:\/\/api.w.org\/{rel}","templated":true}]}}