{"id":3619,"date":"2025-09-01T15:46:46","date_gmt":"2025-09-01T15:46:46","guid":{"rendered":"https:\/\/dobrezrodla.com\/?p=3619"},"modified":"2025-09-01T15:46:47","modified_gmt":"2025-09-01T15:46:47","slug":"kulisy-wizyty-tuska-i-von-der-leyen-na-granicy-padly-grozby-ochrona-ostrzegala-no-i-przezylismy-mowi-premier","status":"publish","type":"post","link":"https:\/\/dobrezrodla.com\/?p=3619","title":{"rendered":"Kulisy wizyty Tuska i von der Leyen na granicy. Pad\u0142y gro\u017aby, ochrona ostrzega\u0142a. &#8220;No i prze\u017cyli\u015bmy&#8221; \u2013 m\u00f3wi premier"},"content":{"rendered":"\n<p> Spotkanie Donalda Tuska i Ursuli von der Leyen na granicy polsko-bia\u0142oruskiej mia\u0142o przebiec rutynowo. Ale za kulisami dzia\u0142y si\u0119 rzeczy, o kt\u00f3rych opinia publiczna dowiedzia\u0142a si\u0119 dopiero po fakcie. Premier ujawni\u0142, \u017ce na chwil\u0119 przed konferencj\u0105 ochrona ostrzeg\u0142a ich o mo\u017cliwym zagro\u017ceniu \u2013 przy granicy pojawili si\u0119 bia\u0142oruscy \u017co\u0142nierze uzbrojeni w bro\u0144 d\u0142ug\u0105.<\/p>\n\n\n\n<p>\u2013 Zaproponowano nam, by przenie\u015b\u0107 spotkanie w inne, bezpieczniejsze miejsce \u2013 relacjonowa\u0142 Tusk. \u2013 Zapyta\u0142em przewodnicz\u0105cej Komisji Europejskiej, co o tym s\u0105dzi. I us\u0142ysza\u0142em co\u015b, co dla nas w Polsce jest oczywiste: zero ust\u0119pstw, nikt nas nie b\u0119dzie zastrasza\u0142 \u2013 powiedzia\u0142 premier z wyra\u017an\u0105 dum\u0105.<\/p>\n\n\n\n<p>Spotkanie odby\u0142o si\u0119 mimo ostrze\u017ce\u0144 \u2013 tu\u017c przy samej zaporze granicznej, w obecno\u015bci s\u0142u\u017cb. \u2013 Ten gest odwagi i determinacji nie jest codzienno\u015bci\u0105 \u2013 przyzna\u0142 Tusk. \u2013 No i prze\u017cyli\u015bmy \u2013 doda\u0142 z u\u015bmiechem, ale i z wyra\u017anym przekazem.<\/p>\n\n\n\n<p>W centrum rozm\u00f3w znalaz\u0142y si\u0119 kwestie unijnej \u201eTarczy Wsch\u00f3d\u201d, odpowiedzi na zagro\u017cenia hybrydowe i plany zwi\u0119kszenia bud\u017cetu UE na obronno\u015b\u0107 i ochron\u0119 granic. Von der Leyen zapowiedzia\u0142a, \u017ce pa\u0144stwa graniczne \u2013 w tym Polska \u2013 otrzymaj\u0105 dodatkowe \u015brodki, a ca\u0142a Europa stanie solidarnie w obliczu zagro\u017cenia ze strony Rosji i Bia\u0142orusi.<\/p>\n","protected":false},"excerpt":{"rendered":"<p>Spotkanie Donalda Tuska i Ursuli von der Leyen na granicy polsko-bia\u0142oruskiej mia\u0142o przebiec rutynowo. Ale za kulisami dzia\u0142y si\u0119 rzeczy, o kt\u00f3rych opinia publiczna dowiedzia\u0142a si\u0119 dopiero po fakcie. Premier ujawni\u0142, \u017ce na chwil\u0119 przed konferencj\u0105 ochrona ostrzeg\u0142a ich o mo\u017cliwym zagro\u017ceniu \u2013 przy granicy pojawili si\u0119 bia\u0142oruscy \u017co\u0142nierze uzbrojeni w bro\u0144 d\u0142ug\u0105. \u2013 Zaproponowano &#8230; <a title=\"Kulisy wizyty Tuska i von der Leyen na granicy. Pad\u0142y gro\u017aby, ochrona ostrzega\u0142a. &#8220;No i prze\u017cyli\u015bmy&#8221; \u2013 m\u00f3wi premier\" class=\"read-more\" href=\"https:\/\/dobrezrodla.com\/?p=3619\" aria-label=\"Read more about Kulisy wizyty Tuska i von der Leyen na granicy. Pad\u0142y gro\u017aby, ochrona ostrzega\u0142a. &#8220;No i prze\u017cyli\u015bmy&#8221; \u2013 m\u00f3wi premier\">Read more<\/a><\/p>\n","protected":false},"author":1,"featured_media":3620,"comment_status":"open","ping_status":"open","sticky":false,"template":"","format":"standard","meta":{"footnotes":""},"categories":[1],"tags":[],"class_list":["post-3619","post","type-post","status-publish","format-standard","has-post-thumbnail","hentry","category-uncategorized"],"_links":{"self":[{"href":"https:\/\/dobrezrodla.com\/index.php?rest_route=\/wp\/v2\/posts\/3619","targetHints":{"allow":["GET"]}}],"collection":[{"href":"https:\/\/dobrezrodla.com\/index.php?rest_route=\/wp\/v2\/posts"}],"about":[{"href":"https:\/\/dobrezrodla.com\/index.php?rest_route=\/wp\/v2\/types\/post"}],"author":[{"embeddable":true,"href":"https:\/\/dobrezrodla.com\/index.php?rest_route=\/wp\/v2\/users\/1"}],"replies":[{"embeddable":true,"href":"https:\/\/dobrezrodla.com\/index.php?rest_route=%2Fwp%2Fv2%2Fcomments&post=3619"}],"version-history":[{"count":1,"href":"https:\/\/dobrezrodla.com\/index.php?rest_route=\/wp\/v2\/posts\/3619\/revisions"}],"predecessor-version":[{"id":3621,"href":"https:\/\/dobrezrodla.com\/index.php?rest_route=\/wp\/v2\/posts\/3619\/revisions\/3621"}],"wp:featuredmedia":[{"embeddable":true,"href":"https:\/\/dobrezrodla.com\/index.php?rest_route=\/wp\/v2\/media\/3620"}],"wp:attachment":[{"href":"https:\/\/dobrezrodla.com\/index.php?rest_route=%2Fwp%2Fv2%2Fmedia&parent=3619"}],"wp:term":[{"taxonomy":"category","embeddable":true,"href":"https:\/\/dobrezrodla.com\/index.php?rest_route=%2Fwp%2Fv2%2Fcategories&post=3619"},{"taxonomy":"post_tag","embeddable":true,"href":"https:\/\/dobrezrodla.com\/index.php?rest_route=%2Fwp%2Fv2%2Ftags&post=3619"}],"curies":[{"name":"wp","href":"https:\/\/api.w.org\/{rel}","templated":true}]}}