{"id":3622,"date":"2025-09-01T15:47:31","date_gmt":"2025-09-01T15:47:31","guid":{"rendered":"https:\/\/dobrezrodla.com\/?p=3622"},"modified":"2025-09-01T15:47:32","modified_gmt":"2025-09-01T15:47:32","slug":"mija-dekada-od-slynnego-damy-rade-merkel-czy-naprawde-sie-udalo","status":"publish","type":"post","link":"https:\/\/dobrezrodla.com\/?p=3622","title":{"rendered":"Mija dekada od s\u0142ynnego &#8220;Damy rad\u0119&#8221; Merkel. Czy naprawd\u0119 si\u0119 uda\u0142o?"},"content":{"rendered":"\n<p>Dok\u0142adnie 10 lat temu Angela Merkel wypowiedzia\u0142a s\u0142owa, kt\u00f3re przesz\u0142y do historii Europy: <em>\u201eWir schaffen das\u201d<\/em> \u2013 \u201eDamy rad\u0119\u201d. W obliczu kryzysu migracyjnego kanclerz Niemiec podj\u0119\u0142a ryzykown\u0105 decyzj\u0119, kt\u00f3ra podzieli\u0142a spo\u0142ecze\u0144stwo, ale te\u017c zmieni\u0142a bieg historii.<\/p>\n\n\n\n<p>Dzi\u015b bilans tej decyzji jest zaskakuj\u0105cy. A\u017c dwie trzecie uchod\u017ac\u00f3w, kt\u00f3rzy w\u00f3wczas przybyli do Niemiec \u2013 g\u0142\u00f3wnie z Syrii \u2013 znalaz\u0142o prac\u0119. To wynik niemal r\u00f3wny \u015bredniej zatrudnienia w ca\u0142ym spo\u0142ecze\u0144stwie niemieckim. Jednym z symboli tego sukcesu sta\u0142 si\u0119 Anas Modamani \u2013 Syryjczyk, kt\u00f3ry zas\u0142yn\u0105\u0142 zdj\u0119ciem z Merkel podczas jej wizyty w berli\u0144skim o\u015brodku dla uchod\u017ac\u00f3w. Dzi\u015b Modamani to znany tw\u00f3rca internetowy i ambasador integracji.<\/p>\n\n\n\n<p>\u2013 Poradzi\u0142em sobie, bo mia\u0142em motywacj\u0119 i wsparcie. Ale to nie jest kraj dla tych, kt\u00f3rzy si\u0119 poddaj\u0105 \u2013 podkre\u015bla.<\/p>\n\n\n\n<p>Cho\u0107 wielu uchod\u017ac\u00f3w z powodzeniem odnalaz\u0142o si\u0119 w Niemczech, temat migracji wci\u0105\u017c dzieli polityk\u00f3w i spo\u0142ecze\u0144stwo. W ostatnich latach nasili\u0142y si\u0119 g\u0142osy krytyki \u2013 zw\u0142aszcza wobec tych, kt\u00f3rzy nie potrafi\u0105 si\u0119 zaadaptowa\u0107. W\u015br\u00f3d nich pojawiaj\u0105 si\u0119 incydenty, tak\u017ce zwi\u0105zane z przemoc\u0105 i zamachami.<\/p>\n\n\n\n<p>Mimo wszystko liczby przemawiaj\u0105 na korzy\u015b\u0107 Merkel. Jej decyzja, cho\u0107 kontrowersyjna, otworzy\u0142a Niemcom drog\u0119 do nowej si\u0142y roboczej, kt\u00f3ra wspar\u0142a gospodark\u0119. Dzi\u015b to Friedrich Merz \u2013 jej dawny partyjny rywal \u2013 zmaga si\u0119 z nowymi wyzwaniami migracyjnymi.<\/p>\n","protected":false},"excerpt":{"rendered":"<p>Dok\u0142adnie 10 lat temu Angela Merkel wypowiedzia\u0142a s\u0142owa, kt\u00f3re przesz\u0142y do historii Europy: \u201eWir schaffen das\u201d \u2013 \u201eDamy rad\u0119\u201d. W obliczu kryzysu migracyjnego kanclerz Niemiec podj\u0119\u0142a ryzykown\u0105 decyzj\u0119, kt\u00f3ra podzieli\u0142a spo\u0142ecze\u0144stwo, ale te\u017c zmieni\u0142a bieg historii. Dzi\u015b bilans tej decyzji jest zaskakuj\u0105cy. A\u017c dwie trzecie uchod\u017ac\u00f3w, kt\u00f3rzy w\u00f3wczas przybyli do Niemiec \u2013 g\u0142\u00f3wnie z Syrii &#8230; <a title=\"Mija dekada od s\u0142ynnego &#8220;Damy rad\u0119&#8221; Merkel. Czy naprawd\u0119 si\u0119 uda\u0142o?\" class=\"read-more\" href=\"https:\/\/dobrezrodla.com\/?p=3622\" aria-label=\"Read more about Mija dekada od s\u0142ynnego &#8220;Damy rad\u0119&#8221; Merkel. Czy naprawd\u0119 si\u0119 uda\u0142o?\">Read more<\/a><\/p>\n","protected":false},"author":1,"featured_media":3623,"comment_status":"open","ping_status":"open","sticky":false,"template":"","format":"standard","meta":{"footnotes":""},"categories":[1],"tags":[],"class_list":["post-3622","post","type-post","status-publish","format-standard","has-post-thumbnail","hentry","category-uncategorized"],"_links":{"self":[{"href":"https:\/\/dobrezrodla.com\/index.php?rest_route=\/wp\/v2\/posts\/3622","targetHints":{"allow":["GET"]}}],"collection":[{"href":"https:\/\/dobrezrodla.com\/index.php?rest_route=\/wp\/v2\/posts"}],"about":[{"href":"https:\/\/dobrezrodla.com\/index.php?rest_route=\/wp\/v2\/types\/post"}],"author":[{"embeddable":true,"href":"https:\/\/dobrezrodla.com\/index.php?rest_route=\/wp\/v2\/users\/1"}],"replies":[{"embeddable":true,"href":"https:\/\/dobrezrodla.com\/index.php?rest_route=%2Fwp%2Fv2%2Fcomments&post=3622"}],"version-history":[{"count":1,"href":"https:\/\/dobrezrodla.com\/index.php?rest_route=\/wp\/v2\/posts\/3622\/revisions"}],"predecessor-version":[{"id":3624,"href":"https:\/\/dobrezrodla.com\/index.php?rest_route=\/wp\/v2\/posts\/3622\/revisions\/3624"}],"wp:featuredmedia":[{"embeddable":true,"href":"https:\/\/dobrezrodla.com\/index.php?rest_route=\/wp\/v2\/media\/3623"}],"wp:attachment":[{"href":"https:\/\/dobrezrodla.com\/index.php?rest_route=%2Fwp%2Fv2%2Fmedia&parent=3622"}],"wp:term":[{"taxonomy":"category","embeddable":true,"href":"https:\/\/dobrezrodla.com\/index.php?rest_route=%2Fwp%2Fv2%2Fcategories&post=3622"},{"taxonomy":"post_tag","embeddable":true,"href":"https:\/\/dobrezrodla.com\/index.php?rest_route=%2Fwp%2Fv2%2Ftags&post=3622"}],"curies":[{"name":"wp","href":"https:\/\/api.w.org\/{rel}","templated":true}]}}