{"id":3637,"date":"2025-09-01T15:53:28","date_gmt":"2025-09-01T15:53:28","guid":{"rendered":"https:\/\/dobrezrodla.com\/?p=3637"},"modified":"2025-09-01T15:53:30","modified_gmt":"2025-09-01T15:53:30","slug":"prezydent-nawrocki-na-westerplatte-reparacje-od-niemiec-to-nasz-obowiazek-wobec-prawdy-i-przyszlosci","status":"publish","type":"post","link":"https:\/\/dobrezrodla.com\/?p=3637","title":{"rendered":"Prezydent Nawrocki na Westerplatte: \u201eReparacje od Niemiec to nasz obowi\u0105zek wobec prawdy i przysz\u0142o\u015bci\u201d"},"content":{"rendered":"\n<p>W 86. rocznic\u0119 wybuchu II wojny \u015bwiatowej prezydent Karol Nawrocki wyg\u0142osi\u0142 przem\u00f3wienie na Westerplatte, kt\u00f3re odbi\u0142o si\u0119 szerokim echem. Wprost i jednoznacznie zadeklarowa\u0142: <strong>Polska domaga si\u0119 reparacji wojennych od Niemiec<\/strong>.<\/p>\n\n\n\n<p>\u2013 Aby budowa\u0107 partnerstwo oparte na prawdzie i dobrych relacjach, musimy zamkn\u0105\u0107 temat reparacji. Jako prezydent Polski \u017c\u0105dam ich w imi\u0119 wsp\u00f3lnego dobra \u2013 podkre\u015bli\u0142 Nawrocki, nawi\u0105zuj\u0105c do historycznej odpowiedzialno\u015bci Niemiec i potrzeby rozliczenia przesz\u0142o\u015bci.<\/p>\n\n\n\n<p>Zdaniem prezydenta, sprawa reparacji nie jest tylko gestem symbolicznym. \u2013 Polska, jako kraj przyfrontowy i kluczowy cz\u0142onek wschodniej flanki NATO, potrzebuje nie tylko sprawiedliwo\u015bci, ale i jasnych relacji z Niemcami \u2013 powiedzia\u0142, apeluj\u0105c jednocze\u015bnie o wsparcie ze strony rz\u0105du.<\/p>\n\n\n\n<p>W swoim przem\u00f3wieniu Nawrocki poruszy\u0142 r\u00f3wnie\u017c temat bezpiecze\u0144stwa. \u2013 Polska bez wojny to Polska silnej armii i nowoczesnych si\u0142 zbrojnych \u2013 stwierdzi\u0142. Przypomnia\u0142 tak\u017ce o \u017co\u0142nierzach z Westerplatte, kt\u00f3rych szcz\u0105tki odnaleziono dopiero po 80 latach. \u2013 Musimy mie\u0107 pewno\u015b\u0107, \u017ce dzi\u015b \u017caden polski \u017co\u0142nierz nie zostanie zapomniany \u2013 doda\u0142 z wyra\u017anym wzruszeniem.<\/p>\n","protected":false},"excerpt":{"rendered":"<p>W 86. rocznic\u0119 wybuchu II wojny \u015bwiatowej prezydent Karol Nawrocki wyg\u0142osi\u0142 przem\u00f3wienie na Westerplatte, kt\u00f3re odbi\u0142o si\u0119 szerokim echem. Wprost i jednoznacznie zadeklarowa\u0142: Polska domaga si\u0119 reparacji wojennych od Niemiec. \u2013 Aby budowa\u0107 partnerstwo oparte na prawdzie i dobrych relacjach, musimy zamkn\u0105\u0107 temat reparacji. Jako prezydent Polski \u017c\u0105dam ich w imi\u0119 wsp\u00f3lnego dobra \u2013 podkre\u015bli\u0142 &#8230; <a title=\"Prezydent Nawrocki na Westerplatte: \u201eReparacje od Niemiec to nasz obowi\u0105zek wobec prawdy i przysz\u0142o\u015bci\u201d\" class=\"read-more\" href=\"https:\/\/dobrezrodla.com\/?p=3637\" aria-label=\"Read more about Prezydent Nawrocki na Westerplatte: \u201eReparacje od Niemiec to nasz obowi\u0105zek wobec prawdy i przysz\u0142o\u015bci\u201d\">Read more<\/a><\/p>\n","protected":false},"author":1,"featured_media":3638,"comment_status":"open","ping_status":"open","sticky":false,"template":"","format":"standard","meta":{"footnotes":""},"categories":[1],"tags":[],"class_list":["post-3637","post","type-post","status-publish","format-standard","has-post-thumbnail","hentry","category-uncategorized"],"_links":{"self":[{"href":"https:\/\/dobrezrodla.com\/index.php?rest_route=\/wp\/v2\/posts\/3637","targetHints":{"allow":["GET"]}}],"collection":[{"href":"https:\/\/dobrezrodla.com\/index.php?rest_route=\/wp\/v2\/posts"}],"about":[{"href":"https:\/\/dobrezrodla.com\/index.php?rest_route=\/wp\/v2\/types\/post"}],"author":[{"embeddable":true,"href":"https:\/\/dobrezrodla.com\/index.php?rest_route=\/wp\/v2\/users\/1"}],"replies":[{"embeddable":true,"href":"https:\/\/dobrezrodla.com\/index.php?rest_route=%2Fwp%2Fv2%2Fcomments&post=3637"}],"version-history":[{"count":1,"href":"https:\/\/dobrezrodla.com\/index.php?rest_route=\/wp\/v2\/posts\/3637\/revisions"}],"predecessor-version":[{"id":3639,"href":"https:\/\/dobrezrodla.com\/index.php?rest_route=\/wp\/v2\/posts\/3637\/revisions\/3639"}],"wp:featuredmedia":[{"embeddable":true,"href":"https:\/\/dobrezrodla.com\/index.php?rest_route=\/wp\/v2\/media\/3638"}],"wp:attachment":[{"href":"https:\/\/dobrezrodla.com\/index.php?rest_route=%2Fwp%2Fv2%2Fmedia&parent=3637"}],"wp:term":[{"taxonomy":"category","embeddable":true,"href":"https:\/\/dobrezrodla.com\/index.php?rest_route=%2Fwp%2Fv2%2Fcategories&post=3637"},{"taxonomy":"post_tag","embeddable":true,"href":"https:\/\/dobrezrodla.com\/index.php?rest_route=%2Fwp%2Fv2%2Ftags&post=3637"}],"curies":[{"name":"wp","href":"https:\/\/api.w.org\/{rel}","templated":true}]}}