{"id":3646,"date":"2025-09-01T15:57:48","date_gmt":"2025-09-01T15:57:48","guid":{"rendered":"https:\/\/dobrezrodla.com\/?p=3646"},"modified":"2025-09-01T15:57:48","modified_gmt":"2025-09-01T15:57:48","slug":"tusk-i-nawrocki-za-zamknietymi-drzwiami-temat-wizyta-w-usa-i-polityczne-napiecie-na-linii-palac-rzad","status":"publish","type":"post","link":"https:\/\/dobrezrodla.com\/?p=3646","title":{"rendered":"Tusk i Nawrocki za zamkni\u0119tymi drzwiami. Temat? Wizyta w USA i polityczne napi\u0119cie na linii Pa\u0142ac-Rz\u0105d"},"content":{"rendered":"\n<p>Wielkimi krokami zbli\u017ca si\u0119 pierwsza zagraniczna wizyta prezydenta Karola Nawrockiego. Ju\u017c w \u015brod\u0119 uda si\u0119 do Waszyngtonu na zaproszenie Donalda Trumpa. Ale zanim wsi\u0105dzie do samolotu, dosz\u0142o do rozmowy, kt\u00f3ra mo\u017ce zawa\u017cy\u0107 na ca\u0142ym wyje\u017adzie \u2013 <strong>Donald Tusk i Karol Nawrocki spotkali si\u0119 w cztery oczy<\/strong>, by om\u00f3wi\u0107 szczeg\u00f3\u0142y wizyty w USA.<\/p>\n\n\n\n<p>Rzecznik rz\u0105du Adam Sz\u0142apka potwierdzi\u0142 spotkanie, cho\u0107 szczeg\u00f3\u0142y jego przebiegu nie zosta\u0142y ujawnione. Wiadomo jednak, \u017ce wok\u00f3\u0142 tej podr\u00f3\u017cy narasta napi\u0119cie \u2013 m.in. w zwi\u0105zku z dokumentem przygotowanym przez rz\u0105d, zawieraj\u0105cym wytyczne dla prezydenta.<\/p>\n\n\n\n<p>\u2013 To tylko p\u00f3\u0142torej strony \u2013 komentowa\u0142 Marcin Przydacz z Kancelarii Prezydenta. \u2013 To za ma\u0142o, by m\u00f3wi\u0107 o rzeczywistej wsp\u00f3\u0142pracy \u2013 doda\u0142, jednocze\u015bnie deklaruj\u0105c gotowo\u015b\u0107 do dialogu z rz\u0105dem, tak\u017ce po powrocie prezydenta z USA.<\/p>\n\n\n\n<p>Sytuacj\u0119 dodatkowo podgrza\u0142y s\u0142owa ministra spraw zagranicznych Rados\u0142awa Sikorskiego, kt\u00f3ry przypomnia\u0142, \u017ce zgodnie z konstytucj\u0105 <strong>polityk\u0119 zagraniczn\u0105 prowadzi rz\u0105d<\/strong>, a nie Pa\u0142ac Prezydencki. Czy to tylko kompetencyjny sp\u00f3r, czy pocz\u0105tek powa\u017cniejszego starcia?<\/p>\n\n\n\n<p>Po wizycie w USA Nawrocki ma uda\u0107 si\u0119 do Rzymu, gdzie spotka si\u0119 z premier W\u0142och Giorgi\u0105 Meloni, a nast\u0119pnie odwiedzi Watykan, gdzie przyjmie go papie\u017c Leon XIV.<\/p>\n","protected":false},"excerpt":{"rendered":"<p>Wielkimi krokami zbli\u017ca si\u0119 pierwsza zagraniczna wizyta prezydenta Karola Nawrockiego. Ju\u017c w \u015brod\u0119 uda si\u0119 do Waszyngtonu na zaproszenie Donalda Trumpa. Ale zanim wsi\u0105dzie do samolotu, dosz\u0142o do rozmowy, kt\u00f3ra mo\u017ce zawa\u017cy\u0107 na ca\u0142ym wyje\u017adzie \u2013 Donald Tusk i Karol Nawrocki spotkali si\u0119 w cztery oczy, by om\u00f3wi\u0107 szczeg\u00f3\u0142y wizyty w USA. Rzecznik rz\u0105du Adam &#8230; <a title=\"Tusk i Nawrocki za zamkni\u0119tymi drzwiami. Temat? Wizyta w USA i polityczne napi\u0119cie na linii Pa\u0142ac-Rz\u0105d\" class=\"read-more\" href=\"https:\/\/dobrezrodla.com\/?p=3646\" aria-label=\"Read more about Tusk i Nawrocki za zamkni\u0119tymi drzwiami. Temat? Wizyta w USA i polityczne napi\u0119cie na linii Pa\u0142ac-Rz\u0105d\">Read more<\/a><\/p>\n","protected":false},"author":1,"featured_media":3647,"comment_status":"open","ping_status":"open","sticky":false,"template":"","format":"standard","meta":{"footnotes":""},"categories":[1],"tags":[],"class_list":["post-3646","post","type-post","status-publish","format-standard","has-post-thumbnail","hentry","category-uncategorized"],"_links":{"self":[{"href":"https:\/\/dobrezrodla.com\/index.php?rest_route=\/wp\/v2\/posts\/3646","targetHints":{"allow":["GET"]}}],"collection":[{"href":"https:\/\/dobrezrodla.com\/index.php?rest_route=\/wp\/v2\/posts"}],"about":[{"href":"https:\/\/dobrezrodla.com\/index.php?rest_route=\/wp\/v2\/types\/post"}],"author":[{"embeddable":true,"href":"https:\/\/dobrezrodla.com\/index.php?rest_route=\/wp\/v2\/users\/1"}],"replies":[{"embeddable":true,"href":"https:\/\/dobrezrodla.com\/index.php?rest_route=%2Fwp%2Fv2%2Fcomments&post=3646"}],"version-history":[{"count":1,"href":"https:\/\/dobrezrodla.com\/index.php?rest_route=\/wp\/v2\/posts\/3646\/revisions"}],"predecessor-version":[{"id":3648,"href":"https:\/\/dobrezrodla.com\/index.php?rest_route=\/wp\/v2\/posts\/3646\/revisions\/3648"}],"wp:featuredmedia":[{"embeddable":true,"href":"https:\/\/dobrezrodla.com\/index.php?rest_route=\/wp\/v2\/media\/3647"}],"wp:attachment":[{"href":"https:\/\/dobrezrodla.com\/index.php?rest_route=%2Fwp%2Fv2%2Fmedia&parent=3646"}],"wp:term":[{"taxonomy":"category","embeddable":true,"href":"https:\/\/dobrezrodla.com\/index.php?rest_route=%2Fwp%2Fv2%2Fcategories&post=3646"},{"taxonomy":"post_tag","embeddable":true,"href":"https:\/\/dobrezrodla.com\/index.php?rest_route=%2Fwp%2Fv2%2Ftags&post=3646"}],"curies":[{"name":"wp","href":"https:\/\/api.w.org\/{rel}","templated":true}]}}