{"id":3655,"date":"2025-09-01T16:02:17","date_gmt":"2025-09-01T16:02:17","guid":{"rendered":"https:\/\/dobrezrodla.com\/?p=3655"},"modified":"2025-09-01T16:02:17","modified_gmt":"2025-09-01T16:02:17","slug":"zdrajca-do-berlina-skandaliczne-okrzyki-na-westerplatte-bolesny-podzial-nawet-w-dniu-narodowej-pamieci","status":"publish","type":"post","link":"https:\/\/dobrezrodla.com\/?p=3655","title":{"rendered":"&#8220;Zdrajca! Do Berlina!&#8221; \u2013 skandaliczne okrzyki na Westerplatte. Bolesny podzia\u0142 nawet w dniu narodowej pami\u0119ci"},"content":{"rendered":"\n<p>Uroczysto\u015bci 86. rocznicy wybuchu II wojny \u015bwiatowej na Westerplatte mia\u0142y by\u0107 momentem zadumy i wsp\u00f3lnoty. Zamiast tego \u2013 <strong>g\u0142\u00f3wnym bohaterem sta\u0142o si\u0119 &#8220;polskie piekie\u0142ko&#8221;<\/strong>. W trakcie przem\u00f3wie\u0144 premiera Donalda Tuska dosz\u0142o do g\u0142o\u015bnych gwizd\u00f3w i obra\u017aliwych okrzyk\u00f3w: \u201eDo Berlina!\u201d, \u201eZdrajca!\u201d, \u201eHa\u0144ba!\u201d.<\/p>\n\n\n\n<p>Oburzenia nie kryli dziennikarze i komentatorzy. \u2013 To dzie\u0144, kt\u00f3ry powinien nas \u0142\u0105czy\u0107. A zobaczyli\u015bmy podzia\u0142 i nienawi\u015b\u0107 \u2013 m\u00f3wi\u0142 w TVN24 Robert Kantereit. \u2013 To by\u0142o bolesne \u2013 doda\u0142a Katarzyna Skrzyd\u0142owska-Kalukin z \u201eKultury Liberalnej\u201d.<\/p>\n\n\n\n<p>R\u00f3wnolegle, w emocjonalnych przem\u00f3wieniach, zar\u00f3wno premier Tusk, jak i prezydent Nawrocki, dali zupe\u0142nie inne spojrzenia na temat zagro\u017ce\u0144 i relacji z Niemcami. Tusk apelowa\u0142 o rozs\u0105dek i sojusze w obliczu rosyjskiego zagro\u017cenia. Nawrocki wzywa\u0142 do wyp\u0142aty reparacji wojennych. \u2013 Musimy budowa\u0107 relacje na prawdzie \u2013 podkre\u015bli\u0142.<\/p>\n\n\n\n<p>Dziennikarze ocenili to jako <strong>niepotrzebne szukanie wroga<\/strong>. \u2013 Po 86 latach wci\u0105\u017c rozgrzebujemy otwarte rany, zamiast szuka\u0107 partnerstwa \u2013 powiedzia\u0142 Roch Kowalski z Polskiego Radia.<\/p>\n\n\n\n<p>Obchody, kt\u00f3re mia\u0142y jednoczy\u0107, zn\u00f3w sta\u0142y si\u0119 polityczn\u0105 scen\u0105 konfliktu. Czy tak musi wygl\u0105da\u0107 pami\u0119\u0107 o wojnie?<\/p>\n","protected":false},"excerpt":{"rendered":"<p>Uroczysto\u015bci 86. rocznicy wybuchu II wojny \u015bwiatowej na Westerplatte mia\u0142y by\u0107 momentem zadumy i wsp\u00f3lnoty. Zamiast tego \u2013 g\u0142\u00f3wnym bohaterem sta\u0142o si\u0119 &#8220;polskie piekie\u0142ko&#8221;. W trakcie przem\u00f3wie\u0144 premiera Donalda Tuska dosz\u0142o do g\u0142o\u015bnych gwizd\u00f3w i obra\u017aliwych okrzyk\u00f3w: \u201eDo Berlina!\u201d, \u201eZdrajca!\u201d, \u201eHa\u0144ba!\u201d. Oburzenia nie kryli dziennikarze i komentatorzy. \u2013 To dzie\u0144, kt\u00f3ry powinien nas \u0142\u0105czy\u0107. A &#8230; <a title=\"&#8220;Zdrajca! Do Berlina!&#8221; \u2013 skandaliczne okrzyki na Westerplatte. Bolesny podzia\u0142 nawet w dniu narodowej pami\u0119ci\" class=\"read-more\" href=\"https:\/\/dobrezrodla.com\/?p=3655\" aria-label=\"Read more about &#8220;Zdrajca! Do Berlina!&#8221; \u2013 skandaliczne okrzyki na Westerplatte. Bolesny podzia\u0142 nawet w dniu narodowej pami\u0119ci\">Read more<\/a><\/p>\n","protected":false},"author":1,"featured_media":3656,"comment_status":"open","ping_status":"open","sticky":false,"template":"","format":"standard","meta":{"footnotes":""},"categories":[1],"tags":[],"class_list":["post-3655","post","type-post","status-publish","format-standard","has-post-thumbnail","hentry","category-uncategorized"],"_links":{"self":[{"href":"https:\/\/dobrezrodla.com\/index.php?rest_route=\/wp\/v2\/posts\/3655","targetHints":{"allow":["GET"]}}],"collection":[{"href":"https:\/\/dobrezrodla.com\/index.php?rest_route=\/wp\/v2\/posts"}],"about":[{"href":"https:\/\/dobrezrodla.com\/index.php?rest_route=\/wp\/v2\/types\/post"}],"author":[{"embeddable":true,"href":"https:\/\/dobrezrodla.com\/index.php?rest_route=\/wp\/v2\/users\/1"}],"replies":[{"embeddable":true,"href":"https:\/\/dobrezrodla.com\/index.php?rest_route=%2Fwp%2Fv2%2Fcomments&post=3655"}],"version-history":[{"count":1,"href":"https:\/\/dobrezrodla.com\/index.php?rest_route=\/wp\/v2\/posts\/3655\/revisions"}],"predecessor-version":[{"id":3657,"href":"https:\/\/dobrezrodla.com\/index.php?rest_route=\/wp\/v2\/posts\/3655\/revisions\/3657"}],"wp:featuredmedia":[{"embeddable":true,"href":"https:\/\/dobrezrodla.com\/index.php?rest_route=\/wp\/v2\/media\/3656"}],"wp:attachment":[{"href":"https:\/\/dobrezrodla.com\/index.php?rest_route=%2Fwp%2Fv2%2Fmedia&parent=3655"}],"wp:term":[{"taxonomy":"category","embeddable":true,"href":"https:\/\/dobrezrodla.com\/index.php?rest_route=%2Fwp%2Fv2%2Fcategories&post=3655"},{"taxonomy":"post_tag","embeddable":true,"href":"https:\/\/dobrezrodla.com\/index.php?rest_route=%2Fwp%2Fv2%2Ftags&post=3655"}],"curies":[{"name":"wp","href":"https:\/\/api.w.org\/{rel}","templated":true}]}}