{"id":3670,"date":"2025-09-02T13:00:19","date_gmt":"2025-09-02T13:00:19","guid":{"rendered":"https:\/\/dobrezrodla.com\/?p=3670"},"modified":"2025-09-02T13:00:19","modified_gmt":"2025-09-02T13:00:19","slug":"mateusz-morawiecki-zaskoczyl-wszystkich-nikt-sie-tego-nie-spodziewal-byly-premier-w-centrum-uwagi","status":"publish","type":"post","link":"https:\/\/dobrezrodla.com\/?p=3670","title":{"rendered":"Mateusz Morawiecki zaskoczy\u0142 wszystkich! \u201eNikt si\u0119 tego nie spodziewa\u0142\u2026\u201d By\u0142y premier w centrum uwagi"},"content":{"rendered":"\n<p>By\u0142y premier Polski, Mateusz Morawiecki, ponownie znalaz\u0142 si\u0119 na ustach opinii publicznej. Podczas najnowszego wyst\u0105pienia, lider PiS zaskoczy\u0142 nie tylko swoich zwolennik\u00f3w, ci\u0119tymi replicami i gesturile neobi\u0219nuite, dar \u0219i presa interna\u021bional\u0103.<\/p>\n\n\n\n<p>\u201eNikt si\u0119 tego nie spodziewa\u0142\u2026\u201d \u2013 komentuj\u0105 dziennikarze, podkre\u015blaj\u0105c c\u0103 Morawiecki a ie\u0219it din tiparele obi\u0219nuite \u0219i a adoptat un ton mult mai direct \u0219i personal dec\u00e2t de obicei.<\/p>\n\n\n\n<p>Reac\u021biile nu au \u00eent\u00e2rziat s\u0103 apar\u0103. Sus\u021bin\u0103torii au aplaudat fermitatea sa, \u00een timp ce criticii au v\u0103zut \u00een acest moment doar o strategie de imagine. Cert este c\u0103, indiferent de opinii, numele lui Mateusz Morawiecki r\u0103m\u00e2ne \u00een prim-planul dezbaterilor publice.<\/p>\n\n\n\n<p>Internau\u021bii s-au gr\u0103bit s\u0103 comenteze pe re\u021belele sociale, iar imaginile cu fostul premier au devenit virale \u00een doar c\u00e2teva ore. \u201eTo nie ten sam Morawiecki, kt\u00f3rego znali\u015bmy do tej pory\u201d \u2013 scriu unii, \u00een timp ce al\u021bii consider\u0103 c\u0103 \u201epokaza\u0142 ludzk\u0105 twarz polityki\u201d.<\/p>\n","protected":false},"excerpt":{"rendered":"<p>By\u0142y premier Polski, Mateusz Morawiecki, ponownie znalaz\u0142 si\u0119 na ustach opinii publicznej. Podczas najnowszego wyst\u0105pienia, lider PiS zaskoczy\u0142 nie tylko swoich zwolennik\u00f3w, ci\u0119tymi replicami i gesturile neobi\u0219nuite, dar \u0219i presa interna\u021bional\u0103. \u201eNikt si\u0119 tego nie spodziewa\u0142\u2026\u201d \u2013 komentuj\u0105 dziennikarze, podkre\u015blaj\u0105c c\u0103 Morawiecki a ie\u0219it din tiparele obi\u0219nuite \u0219i a adoptat un ton mult mai direct &#8230; <a title=\"Mateusz Morawiecki zaskoczy\u0142 wszystkich! \u201eNikt si\u0119 tego nie spodziewa\u0142\u2026\u201d By\u0142y premier w centrum uwagi\" class=\"read-more\" href=\"https:\/\/dobrezrodla.com\/?p=3670\" aria-label=\"Read more about Mateusz Morawiecki zaskoczy\u0142 wszystkich! \u201eNikt si\u0119 tego nie spodziewa\u0142\u2026\u201d By\u0142y premier w centrum uwagi\">Read more<\/a><\/p>\n","protected":false},"author":1,"featured_media":0,"comment_status":"open","ping_status":"open","sticky":false,"template":"","format":"standard","meta":{"footnotes":""},"categories":[1],"tags":[],"class_list":["post-3670","post","type-post","status-publish","format-standard","hentry","category-uncategorized"],"_links":{"self":[{"href":"https:\/\/dobrezrodla.com\/index.php?rest_route=\/wp\/v2\/posts\/3670","targetHints":{"allow":["GET"]}}],"collection":[{"href":"https:\/\/dobrezrodla.com\/index.php?rest_route=\/wp\/v2\/posts"}],"about":[{"href":"https:\/\/dobrezrodla.com\/index.php?rest_route=\/wp\/v2\/types\/post"}],"author":[{"embeddable":true,"href":"https:\/\/dobrezrodla.com\/index.php?rest_route=\/wp\/v2\/users\/1"}],"replies":[{"embeddable":true,"href":"https:\/\/dobrezrodla.com\/index.php?rest_route=%2Fwp%2Fv2%2Fcomments&post=3670"}],"version-history":[{"count":1,"href":"https:\/\/dobrezrodla.com\/index.php?rest_route=\/wp\/v2\/posts\/3670\/revisions"}],"predecessor-version":[{"id":3671,"href":"https:\/\/dobrezrodla.com\/index.php?rest_route=\/wp\/v2\/posts\/3670\/revisions\/3671"}],"wp:attachment":[{"href":"https:\/\/dobrezrodla.com\/index.php?rest_route=%2Fwp%2Fv2%2Fmedia&parent=3670"}],"wp:term":[{"taxonomy":"category","embeddable":true,"href":"https:\/\/dobrezrodla.com\/index.php?rest_route=%2Fwp%2Fv2%2Fcategories&post=3670"},{"taxonomy":"post_tag","embeddable":true,"href":"https:\/\/dobrezrodla.com\/index.php?rest_route=%2Fwp%2Fv2%2Ftags&post=3670"}],"curies":[{"name":"wp","href":"https:\/\/api.w.org\/{rel}","templated":true}]}}