{"id":3672,"date":"2025-09-02T17:03:17","date_gmt":"2025-09-02T17:03:17","guid":{"rendered":"https:\/\/dobrezrodla.com\/?p=3672"},"modified":"2025-09-02T17:03:18","modified_gmt":"2025-09-02T17:03:18","slug":"miedwiediew-znow-szokuje-grozi-liderom-europy","status":"publish","type":"post","link":"https:\/\/dobrezrodla.com\/?p=3672","title":{"rendered":"Miedwiediew zn\u00f3w szokuje. Grozi liderom Europy"},"content":{"rendered":"\n<p>Dmitrij Miedwiediew, by\u0142y prezydent Rosji i znany z kontrowersyjnych wypowiedzi, zn\u00f3w da\u0142 upust swojej propagandowej retoryce. W emocjonalnym wpisie na platformie X uderzy\u0142 w kanclerza Niemiec Friedricha Merza oraz prezydenta Francji Emmanuela Macrona, nazywaj\u0105c ich \u201edziwol\u0105gami\u201d. Nie poprzesta\u0142 jednak na obelgach \u2013 posun\u0105\u0142 si\u0119 do bezpo\u015brednich gr\u00f3\u017ab, przywo\u0142uj\u0105c mroczne skojarzenia z ko\u0144c\u00f3wki II wojny \u015bwiatowej.<\/p>\n\n\n\n<p>\u201eMerz i Macron to dziwol\u0105gi. Jeden chce zemsty, drugi \u2013 \u2018kogut\u2019 \u2013 boi si\u0119 drapie\u017cnika i pr\u00f3buje szanta\u017cowa\u0107 Trumpa Putinem\u201d \u2013 napisa\u0142 Miedwiediew. Doda\u0142 te\u017c z\u0142owieszczo: \u201eZapomnieli o lekcjach z 1945 roku. Mo\u017ce si\u0119 sko\u0144czy\u0107 jak wtedy \u2013 b\u0119d\u0105 rozpoznani po z\u0119bach.\u201d<\/p>\n\n\n\n<p>Komentarz pojawi\u0142 si\u0119 kr\u00f3tko po wsp\u00f3lnej konferencji Merza i Macrona w Tulonie. Niemiecki kanclerz m\u00f3wi\u0142 wprost o d\u0142ugotrwa\u0142ym charakterze wojny w Ukrainie i konieczno\u015bci zachowania jedno\u015bci w\u015br\u00f3d sojusznik\u00f3w. \u201eMusimy by\u0107 gotowi. Wsparcie dla Ukrainy to nasz priorytet\u201d \u2013 podkre\u015bli\u0142 Merz.<\/p>\n\n\n\n<p>S\u0142owa Miedwiediewa s\u0105 kolejnym przyk\u0142adem agresywnej retoryki Rosji, kt\u00f3ra wykorzystuje media spo\u0142eczno\u015bciowe jako narz\u0119dzie wojny informacyjnej.<\/p>\n","protected":false},"excerpt":{"rendered":"<p>Dmitrij Miedwiediew, by\u0142y prezydent Rosji i znany z kontrowersyjnych wypowiedzi, zn\u00f3w da\u0142 upust swojej propagandowej retoryce. W emocjonalnym wpisie na platformie X uderzy\u0142 w kanclerza Niemiec Friedricha Merza oraz prezydenta Francji Emmanuela Macrona, nazywaj\u0105c ich \u201edziwol\u0105gami\u201d. Nie poprzesta\u0142 jednak na obelgach \u2013 posun\u0105\u0142 si\u0119 do bezpo\u015brednich gr\u00f3\u017ab, przywo\u0142uj\u0105c mroczne skojarzenia z ko\u0144c\u00f3wki II wojny \u015bwiatowej. &#8230; <a title=\"Miedwiediew zn\u00f3w szokuje. Grozi liderom Europy\" class=\"read-more\" href=\"https:\/\/dobrezrodla.com\/?p=3672\" aria-label=\"Read more about Miedwiediew zn\u00f3w szokuje. Grozi liderom Europy\">Read more<\/a><\/p>\n","protected":false},"author":1,"featured_media":3673,"comment_status":"open","ping_status":"open","sticky":false,"template":"","format":"standard","meta":{"footnotes":""},"categories":[1],"tags":[],"class_list":["post-3672","post","type-post","status-publish","format-standard","has-post-thumbnail","hentry","category-uncategorized"],"_links":{"self":[{"href":"https:\/\/dobrezrodla.com\/index.php?rest_route=\/wp\/v2\/posts\/3672","targetHints":{"allow":["GET"]}}],"collection":[{"href":"https:\/\/dobrezrodla.com\/index.php?rest_route=\/wp\/v2\/posts"}],"about":[{"href":"https:\/\/dobrezrodla.com\/index.php?rest_route=\/wp\/v2\/types\/post"}],"author":[{"embeddable":true,"href":"https:\/\/dobrezrodla.com\/index.php?rest_route=\/wp\/v2\/users\/1"}],"replies":[{"embeddable":true,"href":"https:\/\/dobrezrodla.com\/index.php?rest_route=%2Fwp%2Fv2%2Fcomments&post=3672"}],"version-history":[{"count":1,"href":"https:\/\/dobrezrodla.com\/index.php?rest_route=\/wp\/v2\/posts\/3672\/revisions"}],"predecessor-version":[{"id":3674,"href":"https:\/\/dobrezrodla.com\/index.php?rest_route=\/wp\/v2\/posts\/3672\/revisions\/3674"}],"wp:featuredmedia":[{"embeddable":true,"href":"https:\/\/dobrezrodla.com\/index.php?rest_route=\/wp\/v2\/media\/3673"}],"wp:attachment":[{"href":"https:\/\/dobrezrodla.com\/index.php?rest_route=%2Fwp%2Fv2%2Fmedia&parent=3672"}],"wp:term":[{"taxonomy":"category","embeddable":true,"href":"https:\/\/dobrezrodla.com\/index.php?rest_route=%2Fwp%2Fv2%2Fcategories&post=3672"},{"taxonomy":"post_tag","embeddable":true,"href":"https:\/\/dobrezrodla.com\/index.php?rest_route=%2Fwp%2Fv2%2Ftags&post=3672"}],"curies":[{"name":"wp","href":"https:\/\/api.w.org\/{rel}","templated":true}]}}