{"id":3678,"date":"2025-09-02T17:05:37","date_gmt":"2025-09-02T17:05:37","guid":{"rendered":"https:\/\/dobrezrodla.com\/?p=3678"},"modified":"2025-09-02T17:05:38","modified_gmt":"2025-09-02T17:05:38","slug":"to-tu-duda-mieszka-po-prezydenturze-zona-nie-chciala-zebysmy-mieli-dom","status":"publish","type":"post","link":"https:\/\/dobrezrodla.com\/?p=3678","title":{"rendered":"To tu Duda mieszka po prezydenturze. &#8220;\u017bona nie chcia\u0142a, \u017ceby\u015bmy mieli dom&#8221;"},"content":{"rendered":"\n<p>Po dekadzie sp\u0119dzonej w Pa\u0142acu Prezydenckim Andrzej Duda wr\u00f3ci\u0142 do codzienno\u015bci \u2013 tym razem w mieszkaniu na krakowskim Pr\u0105dniku Bia\u0142ym. W rozmowie z Bogdanem Rymanowskim by\u0142y prezydent zdradzi\u0142 kulisy przeprowadzki i nietypowy pow\u00f3d, dla kt\u00f3rego nie wybra\u0142 domu jednorodzinnego.<\/p>\n\n\n\n<p>\u2013 \u017bona powiedzia\u0142a: &#8220;Andrzej, ty ci\u0105gle wyje\u017cd\u017casz, ja nie chc\u0119 by\u0107 sama w du\u017cym domu. Chc\u0119 mieszka\u0107 z lud\u017ami&#8221; \u2013 wyja\u015bni\u0142 Duda. Dlatego zdecydowali si\u0119 na lokum z osobnym wej\u015bciem, ale w\u015br\u00f3d innych mieszka\u0144.<\/p>\n\n\n\n<p>Cho\u0107 nowy adres ma nieca\u0142e 150 m\u00b2, przeprowadzka okaza\u0142a si\u0119 nie lada wyzwaniem. \u2013 Przenie\u015bli\u015bmy si\u0119 z ogromnego mieszkania do mniejszego, kt\u00f3re ju\u017c by\u0142o umeblowane. Nadal mamy nierozpakowane pud\u0142a \u2013 przyzna\u0142 by\u0142y prezydent.<\/p>\n\n\n\n<p>Andrzej Duda nie planuje emerytury \u2013 zdradzi\u0142, \u017ce rozwa\u017ca utworzenie w\u0142asnego think tanku oraz dzia\u0142alno\u015b\u0107 w obszarze doradztwa politycznego.<\/p>\n","protected":false},"excerpt":{"rendered":"<p>Po dekadzie sp\u0119dzonej w Pa\u0142acu Prezydenckim Andrzej Duda wr\u00f3ci\u0142 do codzienno\u015bci \u2013 tym razem w mieszkaniu na krakowskim Pr\u0105dniku Bia\u0142ym. W rozmowie z Bogdanem Rymanowskim by\u0142y prezydent zdradzi\u0142 kulisy przeprowadzki i nietypowy pow\u00f3d, dla kt\u00f3rego nie wybra\u0142 domu jednorodzinnego. \u2013 \u017bona powiedzia\u0142a: &#8220;Andrzej, ty ci\u0105gle wyje\u017cd\u017casz, ja nie chc\u0119 by\u0107 sama w du\u017cym domu. Chc\u0119 &#8230; <a title=\"To tu Duda mieszka po prezydenturze. &#8220;\u017bona nie chcia\u0142a, \u017ceby\u015bmy mieli dom&#8221;\" class=\"read-more\" href=\"https:\/\/dobrezrodla.com\/?p=3678\" aria-label=\"Read more about To tu Duda mieszka po prezydenturze. &#8220;\u017bona nie chcia\u0142a, \u017ceby\u015bmy mieli dom&#8221;\">Read more<\/a><\/p>\n","protected":false},"author":1,"featured_media":3679,"comment_status":"open","ping_status":"open","sticky":false,"template":"","format":"standard","meta":{"footnotes":""},"categories":[1],"tags":[],"class_list":["post-3678","post","type-post","status-publish","format-standard","has-post-thumbnail","hentry","category-uncategorized"],"_links":{"self":[{"href":"https:\/\/dobrezrodla.com\/index.php?rest_route=\/wp\/v2\/posts\/3678","targetHints":{"allow":["GET"]}}],"collection":[{"href":"https:\/\/dobrezrodla.com\/index.php?rest_route=\/wp\/v2\/posts"}],"about":[{"href":"https:\/\/dobrezrodla.com\/index.php?rest_route=\/wp\/v2\/types\/post"}],"author":[{"embeddable":true,"href":"https:\/\/dobrezrodla.com\/index.php?rest_route=\/wp\/v2\/users\/1"}],"replies":[{"embeddable":true,"href":"https:\/\/dobrezrodla.com\/index.php?rest_route=%2Fwp%2Fv2%2Fcomments&post=3678"}],"version-history":[{"count":1,"href":"https:\/\/dobrezrodla.com\/index.php?rest_route=\/wp\/v2\/posts\/3678\/revisions"}],"predecessor-version":[{"id":3680,"href":"https:\/\/dobrezrodla.com\/index.php?rest_route=\/wp\/v2\/posts\/3678\/revisions\/3680"}],"wp:featuredmedia":[{"embeddable":true,"href":"https:\/\/dobrezrodla.com\/index.php?rest_route=\/wp\/v2\/media\/3679"}],"wp:attachment":[{"href":"https:\/\/dobrezrodla.com\/index.php?rest_route=%2Fwp%2Fv2%2Fmedia&parent=3678"}],"wp:term":[{"taxonomy":"category","embeddable":true,"href":"https:\/\/dobrezrodla.com\/index.php?rest_route=%2Fwp%2Fv2%2Fcategories&post=3678"},{"taxonomy":"post_tag","embeddable":true,"href":"https:\/\/dobrezrodla.com\/index.php?rest_route=%2Fwp%2Fv2%2Ftags&post=3678"}],"curies":[{"name":"wp","href":"https:\/\/api.w.org\/{rel}","templated":true}]}}