{"id":3687,"date":"2025-09-02T17:08:24","date_gmt":"2025-09-02T17:08:24","guid":{"rendered":"https:\/\/dobrezrodla.com\/?p=3687"},"modified":"2025-09-02T17:08:25","modified_gmt":"2025-09-02T17:08:25","slug":"duda-o-kaczynskim-i-tusku-zdecydowane-slowa","status":"publish","type":"post","link":"https:\/\/dobrezrodla.com\/?p=3687","title":{"rendered":"Duda o Kaczy\u0144skim i Tusku. Zdecydowane s\u0142owa"},"content":{"rendered":"\n<p>By\u0142y prezydent Andrzej Duda, w rozmowie z Bogdanem Rymanowskim, zaskoczy\u0142 szczero\u015bci\u0105 \u2013 jego zdaniem Donald Tusk i Jaros\u0142aw Kaczy\u0144ski powinni powa\u017cnie rozwa\u017cy\u0107 odej\u015bcie z pierwszej linii politycznego frontu. \u2013 My\u015bl\u0119, \u017ce tak \u2013 odpowiedzia\u0142 kr\u00f3tko, zapytany, czy liderzy PO i PiS powinni przej\u015b\u0107 na polityczn\u0105 emerytur\u0119.<\/p>\n\n\n\n<p>Duda zaznaczy\u0142, \u017ce czas najwy\u017cszy otworzy\u0107 przestrze\u0144 dla m\u0142odszych polityk\u00f3w. \u2013 Trzeba dopu\u015bci\u0107 m\u0142odych \u2013 powiedzia\u0142. Podkre\u015bli\u0142 jednak, \u017ce starsze pokolenie wci\u0105\u017c mo\u017ce odegra\u0107 wa\u017cn\u0105 rol\u0119 jako doradcy i nestorzy, wspieraj\u0105cy polityczn\u0105 stabilno\u015b\u0107 kraju.<\/p>\n\n\n\n<p>Wypowied\u017a Dudy, pad\u0142a podczas obchod\u00f3w 45-lecia Porozumie\u0144 Sierpniowych w Gda\u0144sku, i mo\u017ce by\u0107 odebrana jako sygna\u0142 do szerzej zakrojonej zmiany pokoleniowej w polskim \u017cyciu publicznym.<\/p>\n","protected":false},"excerpt":{"rendered":"<p>By\u0142y prezydent Andrzej Duda, w rozmowie z Bogdanem Rymanowskim, zaskoczy\u0142 szczero\u015bci\u0105 \u2013 jego zdaniem Donald Tusk i Jaros\u0142aw Kaczy\u0144ski powinni powa\u017cnie rozwa\u017cy\u0107 odej\u015bcie z pierwszej linii politycznego frontu. \u2013 My\u015bl\u0119, \u017ce tak \u2013 odpowiedzia\u0142 kr\u00f3tko, zapytany, czy liderzy PO i PiS powinni przej\u015b\u0107 na polityczn\u0105 emerytur\u0119. Duda zaznaczy\u0142, \u017ce czas najwy\u017cszy otworzy\u0107 przestrze\u0144 dla m\u0142odszych &#8230; <a title=\"Duda o Kaczy\u0144skim i Tusku. Zdecydowane s\u0142owa\" class=\"read-more\" href=\"https:\/\/dobrezrodla.com\/?p=3687\" aria-label=\"Read more about Duda o Kaczy\u0144skim i Tusku. Zdecydowane s\u0142owa\">Read more<\/a><\/p>\n","protected":false},"author":1,"featured_media":3688,"comment_status":"open","ping_status":"open","sticky":false,"template":"","format":"standard","meta":{"footnotes":""},"categories":[1],"tags":[],"class_list":["post-3687","post","type-post","status-publish","format-standard","has-post-thumbnail","hentry","category-uncategorized"],"_links":{"self":[{"href":"https:\/\/dobrezrodla.com\/index.php?rest_route=\/wp\/v2\/posts\/3687","targetHints":{"allow":["GET"]}}],"collection":[{"href":"https:\/\/dobrezrodla.com\/index.php?rest_route=\/wp\/v2\/posts"}],"about":[{"href":"https:\/\/dobrezrodla.com\/index.php?rest_route=\/wp\/v2\/types\/post"}],"author":[{"embeddable":true,"href":"https:\/\/dobrezrodla.com\/index.php?rest_route=\/wp\/v2\/users\/1"}],"replies":[{"embeddable":true,"href":"https:\/\/dobrezrodla.com\/index.php?rest_route=%2Fwp%2Fv2%2Fcomments&post=3687"}],"version-history":[{"count":1,"href":"https:\/\/dobrezrodla.com\/index.php?rest_route=\/wp\/v2\/posts\/3687\/revisions"}],"predecessor-version":[{"id":3689,"href":"https:\/\/dobrezrodla.com\/index.php?rest_route=\/wp\/v2\/posts\/3687\/revisions\/3689"}],"wp:featuredmedia":[{"embeddable":true,"href":"https:\/\/dobrezrodla.com\/index.php?rest_route=\/wp\/v2\/media\/3688"}],"wp:attachment":[{"href":"https:\/\/dobrezrodla.com\/index.php?rest_route=%2Fwp%2Fv2%2Fmedia&parent=3687"}],"wp:term":[{"taxonomy":"category","embeddable":true,"href":"https:\/\/dobrezrodla.com\/index.php?rest_route=%2Fwp%2Fv2%2Fcategories&post=3687"},{"taxonomy":"post_tag","embeddable":true,"href":"https:\/\/dobrezrodla.com\/index.php?rest_route=%2Fwp%2Fv2%2Ftags&post=3687"}],"curies":[{"name":"wp","href":"https:\/\/api.w.org\/{rel}","templated":true}]}}