{"id":3696,"date":"2025-09-02T17:10:39","date_gmt":"2025-09-02T17:10:39","guid":{"rendered":"https:\/\/dobrezrodla.com\/?p=3696"},"modified":"2025-09-02T17:10:40","modified_gmt":"2025-09-02T17:10:40","slug":"nawrocki-domaga-sie-reparacji-niemieckie-media-o-podsycaniu-nastrojow-nacjonalistycznych","status":"publish","type":"post","link":"https:\/\/dobrezrodla.com\/?p=3696","title":{"rendered":"Nawrocki domaga si\u0119 reparacji. Niemieckie media o podsycaniu nastroj\u00f3w nacjonalistycznych"},"content":{"rendered":"\n<p>Zaledwie kilka tygodni po obj\u0119ciu urz\u0119du, prezydent Karol Nawrocki znalaz\u0142 si\u0119 w centrum mi\u0119dzynarodowej krytyki. Niemiecki dziennik <em>Sueddeutsche Zeitung<\/em> ostro oceni\u0142 jego dzia\u0142ania, zarzucaj\u0105c mu &#8220;podsycanie nastroj\u00f3w nacjonalistycznych&#8221; i instrumentalne wykorzystywanie historii w celach politycznych.<\/p>\n\n\n\n<p>Gazeta zauwa\u017ca, \u017ce Nawrocki \u2013 historyk, by\u0142y szef IPN i dyrektor Muzeum II Wojny \u015awiatowej \u2013 narzuci\u0142 narracj\u0119 zgodn\u0105 z lini\u0105 PiS, domagaj\u0105c si\u0119 od Niemiec reparacji wojennych, a jednocze\u015bnie pomijaj\u0105c w\u0105tek odpowiedzialno\u015bci Rosji jako spadkobiercy ZSRR. Niemieckie media krytykuj\u0105 te\u017c brak odniesie\u0144 do polsko-niemieckiego pojednania i milczenie o symbolicznym spotkaniu Kohla z Mazowieckim w Krzy\u017cowej w 1989 roku.<\/p>\n\n\n\n<p>Kulminacj\u0105 kontrowersji by\u0142a przemowa Nawrockiego na Westerplatte w rocznic\u0119 wybuchu II wojny \u015bwiatowej, gdzie zn\u00f3w podni\u00f3s\u0142 temat reparacji. Premier Donald Tusk zareagowa\u0142 ostro, wskazuj\u0105c na konieczno\u015b\u0107 rozpoznawania \u201eprawdziwego zagro\u017cenia\u201d i przypominaj\u0105c o sile wsp\u00f3\u0142pracy w ramach NATO.<\/p>\n\n\n\n<p>Eksperci wskazuj\u0105, \u017ce ofensywa retoryczna prezydenta mo\u017ce by\u0107 cz\u0119\u015bci\u0105 wi\u0119kszej strategii politycznej, maj\u0105cej na celu redefinicj\u0119 relacji z Niemcami i konsolidacj\u0119 twardego elektoratu prawicy.<\/p>\n","protected":false},"excerpt":{"rendered":"<p>Zaledwie kilka tygodni po obj\u0119ciu urz\u0119du, prezydent Karol Nawrocki znalaz\u0142 si\u0119 w centrum mi\u0119dzynarodowej krytyki. Niemiecki dziennik Sueddeutsche Zeitung ostro oceni\u0142 jego dzia\u0142ania, zarzucaj\u0105c mu &#8220;podsycanie nastroj\u00f3w nacjonalistycznych&#8221; i instrumentalne wykorzystywanie historii w celach politycznych. Gazeta zauwa\u017ca, \u017ce Nawrocki \u2013 historyk, by\u0142y szef IPN i dyrektor Muzeum II Wojny \u015awiatowej \u2013 narzuci\u0142 narracj\u0119 zgodn\u0105 z &#8230; <a title=\"Nawrocki domaga si\u0119 reparacji. Niemieckie media o podsycaniu nastroj\u00f3w nacjonalistycznych\" class=\"read-more\" href=\"https:\/\/dobrezrodla.com\/?p=3696\" aria-label=\"Read more about Nawrocki domaga si\u0119 reparacji. Niemieckie media o podsycaniu nastroj\u00f3w nacjonalistycznych\">Read more<\/a><\/p>\n","protected":false},"author":1,"featured_media":3697,"comment_status":"open","ping_status":"open","sticky":false,"template":"","format":"standard","meta":{"footnotes":""},"categories":[1],"tags":[],"class_list":["post-3696","post","type-post","status-publish","format-standard","has-post-thumbnail","hentry","category-uncategorized"],"_links":{"self":[{"href":"https:\/\/dobrezrodla.com\/index.php?rest_route=\/wp\/v2\/posts\/3696","targetHints":{"allow":["GET"]}}],"collection":[{"href":"https:\/\/dobrezrodla.com\/index.php?rest_route=\/wp\/v2\/posts"}],"about":[{"href":"https:\/\/dobrezrodla.com\/index.php?rest_route=\/wp\/v2\/types\/post"}],"author":[{"embeddable":true,"href":"https:\/\/dobrezrodla.com\/index.php?rest_route=\/wp\/v2\/users\/1"}],"replies":[{"embeddable":true,"href":"https:\/\/dobrezrodla.com\/index.php?rest_route=%2Fwp%2Fv2%2Fcomments&post=3696"}],"version-history":[{"count":1,"href":"https:\/\/dobrezrodla.com\/index.php?rest_route=\/wp\/v2\/posts\/3696\/revisions"}],"predecessor-version":[{"id":3698,"href":"https:\/\/dobrezrodla.com\/index.php?rest_route=\/wp\/v2\/posts\/3696\/revisions\/3698"}],"wp:featuredmedia":[{"embeddable":true,"href":"https:\/\/dobrezrodla.com\/index.php?rest_route=\/wp\/v2\/media\/3697"}],"wp:attachment":[{"href":"https:\/\/dobrezrodla.com\/index.php?rest_route=%2Fwp%2Fv2%2Fmedia&parent=3696"}],"wp:term":[{"taxonomy":"category","embeddable":true,"href":"https:\/\/dobrezrodla.com\/index.php?rest_route=%2Fwp%2Fv2%2Fcategories&post=3696"},{"taxonomy":"post_tag","embeddable":true,"href":"https:\/\/dobrezrodla.com\/index.php?rest_route=%2Fwp%2Fv2%2Ftags&post=3696"}],"curies":[{"name":"wp","href":"https:\/\/api.w.org\/{rel}","templated":true}]}}