{"id":4165,"date":"2025-09-11T17:42:14","date_gmt":"2025-09-11T17:42:14","guid":{"rendered":"https:\/\/dobrezrodla.com\/?p=4165"},"modified":"2025-09-11T17:42:14","modified_gmt":"2025-09-11T17:42:14","slug":"odnaleziono-skradziony-samochod-rodziny-premiera-policja-mowi-o-polowicznym-sukcesie","status":"publish","type":"post","link":"https:\/\/dobrezrodla.com\/?p=4165","title":{"rendered":"Odnaleziono skradziony samoch\u00f3d rodziny premiera. Policja m\u00f3wi o &#8220;po\u0142owicznym sukcesie&#8221;"},"content":{"rendered":"\n<h3 class=\"wp-block-heading\"><\/h3>\n\n\n\n<p>W zaledwie kilka godzin po nocnej kradzie\u017cy w Sopocie, tr\u00f3jmiejska policja odzyska\u0142a prywatny samoch\u00f3d nale\u017c\u0105cy do rodziny premiera Donalda Tuska. Auto \u2013 luksusowy lexus \u2013 zosta\u0142o porzucone w gda\u0144skiej dzielnicy Kokoszki. Cho\u0107 pojazd wr\u00f3ci\u0142 w r\u0119ce funkcjonariuszy, to sprawa wci\u0105\u017c jest daleka od rozwi\u0105zania.<\/p>\n\n\n\n<p>Jak przekaza\u0142a rzeczniczka pomorskiej policji, komisarz Karina Kami\u0144ska, dla s\u0142u\u017cb to tylko po\u0142owiczny sukces. \u015aledczy zabezpieczyli \u015blady i teraz skupiaj\u0105 si\u0119 na identyfikacji i zatrzymaniu sprawcy lub sprawc\u00f3w. \u015aledztwo nadzoruje prokurator.<\/p>\n\n\n\n<p>Wed\u0142ug policyjnych \u017ar\u00f3de\u0142, kradzie\u017c mia\u0142a przebiega\u0107 wed\u0142ug typowego schematu \u2013 pojazd mia\u0142 \u201estygn\u0105\u0107\u201d pod obserwacj\u0105 przest\u0119pc\u00f3w, kt\u00f3rzy sprawdzaj\u0105, czy nie zosta\u0142 namierzony przez s\u0142u\u017cby, zanim trafi do tzw. dziupli. Tym razem jednak policjanci uprzedzili kolejny ruch z\u0142odziei i zabezpieczyli lexusa wcze\u015bniej.<\/p>\n\n\n\n<p>Sprawa jest wyj\u0105tkowo delikatna, poniewa\u017c samoch\u00f3d zosta\u0142 zabrany spod domu obj\u0119tego sta\u0142\u0105 ochron\u0105. To mo\u017ce mie\u0107 powa\u017cne konsekwencje nie tylko dla funkcjonariuszy SOP, ale te\u017c ich prze\u0142o\u017conych. Niekt\u00f3rzy komentatorzy nie wykluczaj\u0105 nawet udzia\u0142u zagranicznych s\u0142u\u017cb, sugeruj\u0105c, \u017ce mo\u017ce to by\u0107 sygna\u0142 ostrzegawczy wobec premiera.<\/p>\n\n\n\n<p>Lexus, jak si\u0119 okazuje, to jeden z najcz\u0119\u015bciej kradzionych modeli w Polsce \u2013 ulubieniec z\u0142odziejskich gang\u00f3w, kt\u00f3rzy rozbieraj\u0105 auta na cz\u0119\u015bci i sprzedaj\u0105 z zyskiem.<\/p>\n","protected":false},"excerpt":{"rendered":"<p>W zaledwie kilka godzin po nocnej kradzie\u017cy w Sopocie, tr\u00f3jmiejska policja odzyska\u0142a prywatny samoch\u00f3d nale\u017c\u0105cy do rodziny premiera Donalda Tuska. Auto \u2013 luksusowy lexus \u2013 zosta\u0142o porzucone w gda\u0144skiej dzielnicy Kokoszki. Cho\u0107 pojazd wr\u00f3ci\u0142 w r\u0119ce funkcjonariuszy, to sprawa wci\u0105\u017c jest daleka od rozwi\u0105zania. Jak przekaza\u0142a rzeczniczka pomorskiej policji, komisarz Karina Kami\u0144ska, dla s\u0142u\u017cb to &#8230; <a title=\"Odnaleziono skradziony samoch\u00f3d rodziny premiera. Policja m\u00f3wi o &#8220;po\u0142owicznym sukcesie&#8221;\" class=\"read-more\" href=\"https:\/\/dobrezrodla.com\/?p=4165\" aria-label=\"Read more about Odnaleziono skradziony samoch\u00f3d rodziny premiera. Policja m\u00f3wi o &#8220;po\u0142owicznym sukcesie&#8221;\">Read more<\/a><\/p>\n","protected":false},"author":1,"featured_media":4166,"comment_status":"open","ping_status":"open","sticky":false,"template":"","format":"standard","meta":{"footnotes":""},"categories":[1],"tags":[],"class_list":["post-4165","post","type-post","status-publish","format-standard","has-post-thumbnail","hentry","category-uncategorized"],"_links":{"self":[{"href":"https:\/\/dobrezrodla.com\/index.php?rest_route=\/wp\/v2\/posts\/4165","targetHints":{"allow":["GET"]}}],"collection":[{"href":"https:\/\/dobrezrodla.com\/index.php?rest_route=\/wp\/v2\/posts"}],"about":[{"href":"https:\/\/dobrezrodla.com\/index.php?rest_route=\/wp\/v2\/types\/post"}],"author":[{"embeddable":true,"href":"https:\/\/dobrezrodla.com\/index.php?rest_route=\/wp\/v2\/users\/1"}],"replies":[{"embeddable":true,"href":"https:\/\/dobrezrodla.com\/index.php?rest_route=%2Fwp%2Fv2%2Fcomments&post=4165"}],"version-history":[{"count":1,"href":"https:\/\/dobrezrodla.com\/index.php?rest_route=\/wp\/v2\/posts\/4165\/revisions"}],"predecessor-version":[{"id":4167,"href":"https:\/\/dobrezrodla.com\/index.php?rest_route=\/wp\/v2\/posts\/4165\/revisions\/4167"}],"wp:featuredmedia":[{"embeddable":true,"href":"https:\/\/dobrezrodla.com\/index.php?rest_route=\/wp\/v2\/media\/4166"}],"wp:attachment":[{"href":"https:\/\/dobrezrodla.com\/index.php?rest_route=%2Fwp%2Fv2%2Fmedia&parent=4165"}],"wp:term":[{"taxonomy":"category","embeddable":true,"href":"https:\/\/dobrezrodla.com\/index.php?rest_route=%2Fwp%2Fv2%2Fcategories&post=4165"},{"taxonomy":"post_tag","embeddable":true,"href":"https:\/\/dobrezrodla.com\/index.php?rest_route=%2Fwp%2Fv2%2Ftags&post=4165"}],"curies":[{"name":"wp","href":"https:\/\/api.w.org\/{rel}","templated":true}]}}