{"id":4171,"date":"2025-09-11T17:43:52","date_gmt":"2025-09-11T17:43:52","guid":{"rendered":"https:\/\/dobrezrodla.com\/?p=4171"},"modified":"2025-09-11T17:43:52","modified_gmt":"2025-09-11T17:43:52","slug":"siemoniak-to-nie-byl-przypadek-nato-musi-zareagowac-na-agresje-rosji","status":"publish","type":"post","link":"https:\/\/dobrezrodla.com\/?p=4171","title":{"rendered":"Siemoniak: To nie by\u0142 przypadek \u2013 NATO musi zareagowa\u0107 na agresj\u0119 Rosji"},"content":{"rendered":"\n<p><\/p>\n\n\n\n<p>Minister koordynator s\u0142u\u017cb specjalnych Tomasz Siemoniak ostro skomentowa\u0142 ostatnie wydarzenia zwi\u0105zane z wtargni\u0119ciem rosyjskich dron\u00f3w do polskiej przestrzeni powietrznej. Wed\u0142ug niego, nocny incydent to nie by\u0142 test \u2013 to by\u0142a jawna agresja. &#8220;Ten dzie\u0144 jest prze\u0142omem. Koniec z\u0142udze\u0144 co do Putina&#8221; \u2013 m\u00f3wi\u0142 w programie &#8220;Fakty po Faktach&#8221;.<\/p>\n\n\n\n<p>W nocy z wtorku na \u015brod\u0119 dosz\u0142o do 19 narusze\u0144 granicy powietrznej Polski. Cz\u0119\u015b\u0107 dron\u00f3w zosta\u0142a zestrzelona przez sojusznicze si\u0142y powietrzne, inne rozbi\u0142y si\u0119 po przekroczeniu terytorium NATO. Siemoniak podkre\u015bli\u0142, \u017ce skala i charakter incydentu nie pozostawiaj\u0105 w\u0105tpliwo\u015bci \u2013 by\u0142 to \u015bwiadomy atak.<\/p>\n\n\n\n<p>Zainicjowano konsultacje w ramach artyku\u0142u 4 Traktatu P\u00f3\u0142nocnoatlantyckiego, a NATO otrzyma\u0142o jasny sygna\u0142, \u017ce musi podj\u0105\u0107 konkretne kroki. &#8220;Oczekujemy wzmocnienia obrony powietrznej \u2013 samolot\u00f3w, system\u00f3w Patriot, realnych dzia\u0142a\u0144&#8221; \u2013 zaznaczy\u0142 Siemoniak.<\/p>\n\n\n\n<p>Minister przypomnia\u0142, \u017ce ataki takie jak ten jednocz\u0105 Zach\u00f3d, zamiast go dzieli\u0107. &#8220;Putin chcia\u0142 nas zastraszy\u0107, a osi\u0105gn\u0105\u0142 odwrotny efekt \u2013 jedno\u015b\u0107 i zdecydowan\u0105 reakcj\u0119 Europy. To by\u0142 moment, w kt\u00f3rym wszystkie si\u0142y polityczne w Polsce m\u00f3wi\u0142y jednym g\u0142osem&#8221; \u2013 doda\u0142.<\/p>\n\n\n\n<p>Sytuacja sta\u0142a si\u0119 impulsem do zacie\u015bnienia wsp\u00f3\u0142pracy w ramach NATO, a reakcje europejskich przyw\u00f3dc\u00f3w, w tym przewodnicz\u0105cej Komisji Europejskiej Ursuli von der Leyen, by\u0142y jednoznaczne \u2013 pe\u0142na solidarno\u015b\u0107 z Polsk\u0105.<\/p>\n","protected":false},"excerpt":{"rendered":"<p>Minister koordynator s\u0142u\u017cb specjalnych Tomasz Siemoniak ostro skomentowa\u0142 ostatnie wydarzenia zwi\u0105zane z wtargni\u0119ciem rosyjskich dron\u00f3w do polskiej przestrzeni powietrznej. Wed\u0142ug niego, nocny incydent to nie by\u0142 test \u2013 to by\u0142a jawna agresja. &#8220;Ten dzie\u0144 jest prze\u0142omem. Koniec z\u0142udze\u0144 co do Putina&#8221; \u2013 m\u00f3wi\u0142 w programie &#8220;Fakty po Faktach&#8221;. W nocy z wtorku na \u015brod\u0119 dosz\u0142o &#8230; <a title=\"Siemoniak: To nie by\u0142 przypadek \u2013 NATO musi zareagowa\u0107 na agresj\u0119 Rosji\" class=\"read-more\" href=\"https:\/\/dobrezrodla.com\/?p=4171\" aria-label=\"Read more about Siemoniak: To nie by\u0142 przypadek \u2013 NATO musi zareagowa\u0107 na agresj\u0119 Rosji\">Read more<\/a><\/p>\n","protected":false},"author":1,"featured_media":4172,"comment_status":"open","ping_status":"open","sticky":false,"template":"","format":"standard","meta":{"footnotes":""},"categories":[1],"tags":[],"class_list":["post-4171","post","type-post","status-publish","format-standard","has-post-thumbnail","hentry","category-uncategorized"],"_links":{"self":[{"href":"https:\/\/dobrezrodla.com\/index.php?rest_route=\/wp\/v2\/posts\/4171","targetHints":{"allow":["GET"]}}],"collection":[{"href":"https:\/\/dobrezrodla.com\/index.php?rest_route=\/wp\/v2\/posts"}],"about":[{"href":"https:\/\/dobrezrodla.com\/index.php?rest_route=\/wp\/v2\/types\/post"}],"author":[{"embeddable":true,"href":"https:\/\/dobrezrodla.com\/index.php?rest_route=\/wp\/v2\/users\/1"}],"replies":[{"embeddable":true,"href":"https:\/\/dobrezrodla.com\/index.php?rest_route=%2Fwp%2Fv2%2Fcomments&post=4171"}],"version-history":[{"count":1,"href":"https:\/\/dobrezrodla.com\/index.php?rest_route=\/wp\/v2\/posts\/4171\/revisions"}],"predecessor-version":[{"id":4173,"href":"https:\/\/dobrezrodla.com\/index.php?rest_route=\/wp\/v2\/posts\/4171\/revisions\/4173"}],"wp:featuredmedia":[{"embeddable":true,"href":"https:\/\/dobrezrodla.com\/index.php?rest_route=\/wp\/v2\/media\/4172"}],"wp:attachment":[{"href":"https:\/\/dobrezrodla.com\/index.php?rest_route=%2Fwp%2Fv2%2Fmedia&parent=4171"}],"wp:term":[{"taxonomy":"category","embeddable":true,"href":"https:\/\/dobrezrodla.com\/index.php?rest_route=%2Fwp%2Fv2%2Fcategories&post=4171"},{"taxonomy":"post_tag","embeddable":true,"href":"https:\/\/dobrezrodla.com\/index.php?rest_route=%2Fwp%2Fv2%2Ftags&post=4171"}],"curies":[{"name":"wp","href":"https:\/\/api.w.org\/{rel}","templated":true}]}}