{"id":4180,"date":"2025-09-13T15:10:14","date_gmt":"2025-09-13T15:10:14","guid":{"rendered":"https:\/\/dobrezrodla.com\/?p=4180"},"modified":"2025-09-13T15:10:15","modified_gmt":"2025-09-13T15:10:15","slug":"prokurator-na-celowniku-za-zamach-stanu-ostrowski-stanie-przed-sadem-dyscyplinarnym","status":"publish","type":"post","link":"https:\/\/dobrezrodla.com\/?p=4180","title":{"rendered":"Prokurator na celowniku za &#8220;zamach stanu&#8221;? Ostrowski stanie przed s\u0105dem dyscyplinarnym"},"content":{"rendered":"\n<p>Micha\u0142 Ostrowski, zawieszony zast\u0119pca Prokuratora Generalnego, stanie przed S\u0105dem Dyscyplinarnym w zwi\u0105zku z powa\u017cnymi zarzutami naruszenia etyki urz\u0119dniczej. Wniosek w tej sprawie z\u0142o\u017cy\u0142 rzecznik dyscyplinarny Ministerstwa Sprawiedliwo\u015bci, wskazuj\u0105c a\u017c siedem przewinie\u0144, kt\u00f3re maj\u0105 uderza\u0107 w autorytet prokuratury.<\/p>\n\n\n\n<p>Do najg\u0142o\u015bniejszego incydentu dosz\u0142o, gdy Ostrowski \u2013 bez odpowiedniego zg\u0142oszenia \u2013 wszcz\u0105\u0142 post\u0119powanie dotycz\u0105ce rzekomego &#8220;zamachu stanu&#8221;, kt\u00f3ry mia\u0142 by\u0107 dokonany przez czo\u0142owych polityk\u00f3w, w tym premiera i marsza\u0142k\u00f3w Sejmu i Senatu. Inicjatorem zawiadomienia by\u0142 prezes Trybuna\u0142u Konstytucyjnego.<\/p>\n\n\n\n<p>\u015aledztwo wszcz\u0119te przez Ostrowskiego sta\u0142o si\u0119 powodem jego zawieszenia przez Adama Bodnara, kt\u00f3ry w\u00f3wczas pe\u0142ni\u0142 funkcj\u0119 ministra sprawiedliwo\u015bci. Opr\u00f3cz tej sprawy, prokurator mia\u0142 te\u017c publicznie podwa\u017ca\u0107 legalno\u015b\u0107 nominacji innych urz\u0119dnik\u00f3w i zamieszcza\u0107 na platformie X (dawniej Twitter) obra\u017aliwe komentarze wymierzone w koleg\u00f3w po fachu.<\/p>\n\n\n\n<p>Prokurator mia\u0142 r\u00f3wnie\u017c aktywnie wsp\u00f3\u0142tworzy\u0107 zawiadomienia uderzaj\u0105ce w nowych lider\u00f3w resortu sprawiedliwo\u015bci, zarzucaj\u0105c im nadu\u017cycia i pr\u00f3by bezprawnych roszad kadrowych.<\/p>\n\n\n\n<p>Wszystkie te dzia\u0142ania zosta\u0142y ocenione jako powa\u017cne naruszenia godno\u015bci urz\u0119du, kt\u00f3re teraz b\u0119d\u0105 przedmiotem post\u0119powania przed s\u0105dem dyscyplinarnym.<\/p>\n","protected":false},"excerpt":{"rendered":"<p>Micha\u0142 Ostrowski, zawieszony zast\u0119pca Prokuratora Generalnego, stanie przed S\u0105dem Dyscyplinarnym w zwi\u0105zku z powa\u017cnymi zarzutami naruszenia etyki urz\u0119dniczej. Wniosek w tej sprawie z\u0142o\u017cy\u0142 rzecznik dyscyplinarny Ministerstwa Sprawiedliwo\u015bci, wskazuj\u0105c a\u017c siedem przewinie\u0144, kt\u00f3re maj\u0105 uderza\u0107 w autorytet prokuratury. Do najg\u0142o\u015bniejszego incydentu dosz\u0142o, gdy Ostrowski \u2013 bez odpowiedniego zg\u0142oszenia \u2013 wszcz\u0105\u0142 post\u0119powanie dotycz\u0105ce rzekomego &#8220;zamachu stanu&#8221;, kt\u00f3ry &#8230; <a title=\"Prokurator na celowniku za &#8220;zamach stanu&#8221;? Ostrowski stanie przed s\u0105dem dyscyplinarnym\" class=\"read-more\" href=\"https:\/\/dobrezrodla.com\/?p=4180\" aria-label=\"Read more about Prokurator na celowniku za &#8220;zamach stanu&#8221;? Ostrowski stanie przed s\u0105dem dyscyplinarnym\">Read more<\/a><\/p>\n","protected":false},"author":1,"featured_media":4181,"comment_status":"open","ping_status":"open","sticky":false,"template":"","format":"standard","meta":{"footnotes":""},"categories":[1],"tags":[],"class_list":["post-4180","post","type-post","status-publish","format-standard","has-post-thumbnail","hentry","category-uncategorized"],"_links":{"self":[{"href":"https:\/\/dobrezrodla.com\/index.php?rest_route=\/wp\/v2\/posts\/4180","targetHints":{"allow":["GET"]}}],"collection":[{"href":"https:\/\/dobrezrodla.com\/index.php?rest_route=\/wp\/v2\/posts"}],"about":[{"href":"https:\/\/dobrezrodla.com\/index.php?rest_route=\/wp\/v2\/types\/post"}],"author":[{"embeddable":true,"href":"https:\/\/dobrezrodla.com\/index.php?rest_route=\/wp\/v2\/users\/1"}],"replies":[{"embeddable":true,"href":"https:\/\/dobrezrodla.com\/index.php?rest_route=%2Fwp%2Fv2%2Fcomments&post=4180"}],"version-history":[{"count":1,"href":"https:\/\/dobrezrodla.com\/index.php?rest_route=\/wp\/v2\/posts\/4180\/revisions"}],"predecessor-version":[{"id":4182,"href":"https:\/\/dobrezrodla.com\/index.php?rest_route=\/wp\/v2\/posts\/4180\/revisions\/4182"}],"wp:featuredmedia":[{"embeddable":true,"href":"https:\/\/dobrezrodla.com\/index.php?rest_route=\/wp\/v2\/media\/4181"}],"wp:attachment":[{"href":"https:\/\/dobrezrodla.com\/index.php?rest_route=%2Fwp%2Fv2%2Fmedia&parent=4180"}],"wp:term":[{"taxonomy":"category","embeddable":true,"href":"https:\/\/dobrezrodla.com\/index.php?rest_route=%2Fwp%2Fv2%2Fcategories&post=4180"},{"taxonomy":"post_tag","embeddable":true,"href":"https:\/\/dobrezrodla.com\/index.php?rest_route=%2Fwp%2Fv2%2Ftags&post=4180"}],"curies":[{"name":"wp","href":"https:\/\/api.w.org\/{rel}","templated":true}]}}