{"id":4186,"date":"2025-09-13T15:11:48","date_gmt":"2025-09-13T15:11:48","guid":{"rendered":"https:\/\/dobrezrodla.com\/?p=4186"},"modified":"2025-09-13T15:11:48","modified_gmt":"2025-09-13T15:11:48","slug":"tusk-uderza-w-pis-i-konfederacje-probuja-zdjac-wine-z-rosji-za-atak-dronow","status":"publish","type":"post","link":"https:\/\/dobrezrodla.com\/?p=4186","title":{"rendered":"Tusk uderza w PiS i Konfederacj\u0119. &#8220;Pr\u00f3buj\u0105 zdj\u0105\u0107 win\u0119 z Rosji za atak dron\u00f3w&#8221;"},"content":{"rendered":"\n<p>Donald Tusk ostro skomentowa\u0142 reakcje polityk\u00f3w PiS i Konfederacji na incydent z rosyjskimi dronami, kt\u00f3re naruszy\u0142y polsk\u0105 przestrze\u0144 powietrzn\u0105 10 wrze\u015bnia. Zdaniem premiera, w szeregach opozycji toczy si\u0119 absurdalna debata o tym, czy to nie Ukraina, polski rz\u0105d albo zwyk\u0142a pomy\u0142ka odpowiada za nocny atak z powietrza.<\/p>\n\n\n\n<p>\u201eStaj\u0105 na g\u0142owie, \u017ceby zrzuci\u0107 z Rosji odpowiedzialno\u015b\u0107 za ten incydent\u201d \u2013 napisa\u0142 Tusk w mediach spo\u0142eczno\u015bciowych, podkre\u015blaj\u0105c, \u017ce stanowisko opozycji stoi w sprzeczno\u015bci z ustaleniami wojska, s\u0142u\u017cb, prezydenta i jego samego. Premier doda\u0142 z przek\u0105sem: \u201eWyobra\u017amy sobie ich rz\u0105dy w wypadku agresji.\u201d<\/p>\n\n\n\n<p>Dow\u00f3dztwo Operacyjne potwierdzi\u0142o, \u017ce w nocy z 10 na 11 wrze\u015bnia polsk\u0105 przestrze\u0144 powietrzn\u0105 naruszy\u0142y rosyjskie drony \u2013 a\u017c 21 wed\u0142ug danych Kancelarii Prezydenta. Cz\u0119\u015b\u0107 z nich zosta\u0142a zestrzelona przez si\u0142y polskie i sojusznicze. To pierwszy przypadek u\u017cycia uzbrojenia przez polskie Si\u0142y Powietrzne przeciwko wrogim celom w polskiej przestrzeni powietrznej.<\/p>\n\n\n\n<p>Wojsko uzna\u0142o incydent za akt agresji i natychmiast wdro\u017cy\u0142o odpowiednie procedury obronne.<\/p>\n","protected":false},"excerpt":{"rendered":"<p>Donald Tusk ostro skomentowa\u0142 reakcje polityk\u00f3w PiS i Konfederacji na incydent z rosyjskimi dronami, kt\u00f3re naruszy\u0142y polsk\u0105 przestrze\u0144 powietrzn\u0105 10 wrze\u015bnia. Zdaniem premiera, w szeregach opozycji toczy si\u0119 absurdalna debata o tym, czy to nie Ukraina, polski rz\u0105d albo zwyk\u0142a pomy\u0142ka odpowiada za nocny atak z powietrza. \u201eStaj\u0105 na g\u0142owie, \u017ceby zrzuci\u0107 z Rosji odpowiedzialno\u015b\u0107 &#8230; <a title=\"Tusk uderza w PiS i Konfederacj\u0119. &#8220;Pr\u00f3buj\u0105 zdj\u0105\u0107 win\u0119 z Rosji za atak dron\u00f3w&#8221;\" class=\"read-more\" href=\"https:\/\/dobrezrodla.com\/?p=4186\" aria-label=\"Read more about Tusk uderza w PiS i Konfederacj\u0119. &#8220;Pr\u00f3buj\u0105 zdj\u0105\u0107 win\u0119 z Rosji za atak dron\u00f3w&#8221;\">Read more<\/a><\/p>\n","protected":false},"author":1,"featured_media":4187,"comment_status":"open","ping_status":"open","sticky":false,"template":"","format":"standard","meta":{"footnotes":""},"categories":[1],"tags":[],"class_list":["post-4186","post","type-post","status-publish","format-standard","has-post-thumbnail","hentry","category-uncategorized"],"_links":{"self":[{"href":"https:\/\/dobrezrodla.com\/index.php?rest_route=\/wp\/v2\/posts\/4186","targetHints":{"allow":["GET"]}}],"collection":[{"href":"https:\/\/dobrezrodla.com\/index.php?rest_route=\/wp\/v2\/posts"}],"about":[{"href":"https:\/\/dobrezrodla.com\/index.php?rest_route=\/wp\/v2\/types\/post"}],"author":[{"embeddable":true,"href":"https:\/\/dobrezrodla.com\/index.php?rest_route=\/wp\/v2\/users\/1"}],"replies":[{"embeddable":true,"href":"https:\/\/dobrezrodla.com\/index.php?rest_route=%2Fwp%2Fv2%2Fcomments&post=4186"}],"version-history":[{"count":1,"href":"https:\/\/dobrezrodla.com\/index.php?rest_route=\/wp\/v2\/posts\/4186\/revisions"}],"predecessor-version":[{"id":4188,"href":"https:\/\/dobrezrodla.com\/index.php?rest_route=\/wp\/v2\/posts\/4186\/revisions\/4188"}],"wp:featuredmedia":[{"embeddable":true,"href":"https:\/\/dobrezrodla.com\/index.php?rest_route=\/wp\/v2\/media\/4187"}],"wp:attachment":[{"href":"https:\/\/dobrezrodla.com\/index.php?rest_route=%2Fwp%2Fv2%2Fmedia&parent=4186"}],"wp:term":[{"taxonomy":"category","embeddable":true,"href":"https:\/\/dobrezrodla.com\/index.php?rest_route=%2Fwp%2Fv2%2Fcategories&post=4186"},{"taxonomy":"post_tag","embeddable":true,"href":"https:\/\/dobrezrodla.com\/index.php?rest_route=%2Fwp%2Fv2%2Ftags&post=4186"}],"curies":[{"name":"wp","href":"https:\/\/api.w.org\/{rel}","templated":true}]}}