{"id":4192,"date":"2025-09-13T15:13:04","date_gmt":"2025-09-13T15:13:04","guid":{"rendered":"https:\/\/dobrezrodla.com\/?p=4192"},"modified":"2025-09-13T15:13:04","modified_gmt":"2025-09-13T15:13:04","slug":"kaczynski-traci-monopol-na-prawice-coraz-wiecej-polakow-wskazuje-nawrockiego-jako-lidera","status":"publish","type":"post","link":"https:\/\/dobrezrodla.com\/?p=4192","title":{"rendered":"Kaczy\u0144ski traci monopol na prawic\u0119? Coraz wi\u0119cej Polak\u00f3w wskazuje Nawrockiego jako lidera"},"content":{"rendered":"\n<p>Jaros\u0142aw Kaczy\u0144ski wci\u0105\u017c uznawany jest za g\u0142\u00f3wn\u0105 posta\u0107 prawicy \u2013 tak twierdzi ponad po\u0142owa ankietowanych w najnowszym sonda\u017cu SW Research. Jednak zaskakuj\u0105co wysoko w rankingu pojawia si\u0119 prezydent Karol Nawrocki, kt\u00f3rego jako lidera wskaza\u0142o a\u017c 22,6% respondent\u00f3w. To sygna\u0142, \u017ce w obozie PiS mo\u017ce szykowa\u0107 si\u0119 pokoleniowa zmiana.<\/p>\n\n\n\n<p>Co pi\u0105ty Polak widzi w Nawrockim now\u0105 twarz konserwatywnego skrzyd\u0142a polskiej polityki. Najsilniejsze poparcie dla Kaczy\u0144skiego utrzymuje si\u0119 w\u015br\u00f3d wyborc\u00f3w 50+, ale w m\u0142odszych grupach wiekowych jego dominacja ju\u017c nie jest tak oczywista.<\/p>\n\n\n\n<p>12,7% badanych uwa\u017ca, \u017ce PiS nie ma dzi\u015b jednoznacznego lidera, a prawie 14% nie ma w tej sprawie zdania. Eksperci podkre\u015blaj\u0105, \u017ce to pierwszy sonda\u017c, w kt\u00f3rym nowy prezydent w tak wyra\u017any spos\u00f3b zbli\u017cy\u0142 si\u0119 do pozycji lidera prawicy.<\/p>\n","protected":false},"excerpt":{"rendered":"<p>Jaros\u0142aw Kaczy\u0144ski wci\u0105\u017c uznawany jest za g\u0142\u00f3wn\u0105 posta\u0107 prawicy \u2013 tak twierdzi ponad po\u0142owa ankietowanych w najnowszym sonda\u017cu SW Research. Jednak zaskakuj\u0105co wysoko w rankingu pojawia si\u0119 prezydent Karol Nawrocki, kt\u00f3rego jako lidera wskaza\u0142o a\u017c 22,6% respondent\u00f3w. To sygna\u0142, \u017ce w obozie PiS mo\u017ce szykowa\u0107 si\u0119 pokoleniowa zmiana. Co pi\u0105ty Polak widzi w Nawrockim now\u0105 &#8230; <a title=\"Kaczy\u0144ski traci monopol na prawic\u0119? Coraz wi\u0119cej Polak\u00f3w wskazuje Nawrockiego jako lidera\" class=\"read-more\" href=\"https:\/\/dobrezrodla.com\/?p=4192\" aria-label=\"Read more about Kaczy\u0144ski traci monopol na prawic\u0119? Coraz wi\u0119cej Polak\u00f3w wskazuje Nawrockiego jako lidera\">Read more<\/a><\/p>\n","protected":false},"author":1,"featured_media":4193,"comment_status":"open","ping_status":"open","sticky":false,"template":"","format":"standard","meta":{"footnotes":""},"categories":[1],"tags":[],"class_list":["post-4192","post","type-post","status-publish","format-standard","has-post-thumbnail","hentry","category-uncategorized"],"_links":{"self":[{"href":"https:\/\/dobrezrodla.com\/index.php?rest_route=\/wp\/v2\/posts\/4192","targetHints":{"allow":["GET"]}}],"collection":[{"href":"https:\/\/dobrezrodla.com\/index.php?rest_route=\/wp\/v2\/posts"}],"about":[{"href":"https:\/\/dobrezrodla.com\/index.php?rest_route=\/wp\/v2\/types\/post"}],"author":[{"embeddable":true,"href":"https:\/\/dobrezrodla.com\/index.php?rest_route=\/wp\/v2\/users\/1"}],"replies":[{"embeddable":true,"href":"https:\/\/dobrezrodla.com\/index.php?rest_route=%2Fwp%2Fv2%2Fcomments&post=4192"}],"version-history":[{"count":1,"href":"https:\/\/dobrezrodla.com\/index.php?rest_route=\/wp\/v2\/posts\/4192\/revisions"}],"predecessor-version":[{"id":4194,"href":"https:\/\/dobrezrodla.com\/index.php?rest_route=\/wp\/v2\/posts\/4192\/revisions\/4194"}],"wp:featuredmedia":[{"embeddable":true,"href":"https:\/\/dobrezrodla.com\/index.php?rest_route=\/wp\/v2\/media\/4193"}],"wp:attachment":[{"href":"https:\/\/dobrezrodla.com\/index.php?rest_route=%2Fwp%2Fv2%2Fmedia&parent=4192"}],"wp:term":[{"taxonomy":"category","embeddable":true,"href":"https:\/\/dobrezrodla.com\/index.php?rest_route=%2Fwp%2Fv2%2Fcategories&post=4192"},{"taxonomy":"post_tag","embeddable":true,"href":"https:\/\/dobrezrodla.com\/index.php?rest_route=%2Fwp%2Fv2%2Ftags&post=4192"}],"curies":[{"name":"wp","href":"https:\/\/api.w.org\/{rel}","templated":true}]}}