{"id":4207,"date":"2025-09-13T15:18:34","date_gmt":"2025-09-13T15:18:34","guid":{"rendered":"https:\/\/dobrezrodla.com\/?p=4207"},"modified":"2025-09-13T15:18:34","modified_gmt":"2025-09-13T15:18:34","slug":"awantura-z-bylym-prezydentem-andrzej-duda-starl-sie-z-dzialaczami-gazety-polskiej","status":"publish","type":"post","link":"https:\/\/dobrezrodla.com\/?p=4207","title":{"rendered":"Awantura z by\u0142ym prezydentem. Andrzej Duda star\u0142 si\u0119 z dzia\u0142aczami &#8220;Gazety Polskiej&#8221;"},"content":{"rendered":"\n<p>Do gor\u0105cej konfrontacji dosz\u0142o mi\u0119dzy Andrzejem Dud\u0105 a przedstawicielami klub\u00f3w &#8220;Gazety Polskiej&#8221;. W trakcie spotkania zarzucono by\u0142emu prezydentowi z\u0142e decyzje, brak reakcji na dzia\u0142ania nowej w\u0142adzy i \u2013 jak okre\u015blono \u2013 \u201ezdrad\u0119 obozu patriotycznego\u201d.<\/p>\n\n\n\n<p>Dzia\u0142acze wprost pytali Dud\u0119, dlaczego nie stan\u0105\u0142 po stronie protestuj\u0105cych, gdy \u2013 ich zdaniem \u2013 \u0142amano konstytucj\u0119. Wskazywali te\u017c na kontrowersyjne nominacje, w tym Jacka Siewiery, kt\u00f3ry mia\u0142 wypowiada\u0107 si\u0119 przychylnie o zatrzymaniach Mariusza Kami\u0144skiego i Macieja W\u0105sika.<\/p>\n\n\n\n<p>Duda nie pozosta\u0142 im d\u0142u\u017cny. W ostrym tonie odpiera\u0142 zarzuty, pytaj\u0105c: \u201eA gdzie pa\u0144stwo byli, kiedy \u015bcigano Kami\u0144skiego i W\u0105sika? Kiedy otaczano Pa\u0142ac Prezydencki i kontrolowano samochody?\u201d. Zarzuci\u0142 swoim rozm\u00f3wcom k\u0142amstwo i brak wsparcia, co wywo\u0142a\u0142o burzliw\u0105 reakcj\u0119 \u2013 dosz\u0142o do ostrej wymiany zda\u0144, kt\u00f3ra zosta\u0142a nagrana i trafi\u0142a do sieci.<\/p>\n","protected":false},"excerpt":{"rendered":"<p>Do gor\u0105cej konfrontacji dosz\u0142o mi\u0119dzy Andrzejem Dud\u0105 a przedstawicielami klub\u00f3w &#8220;Gazety Polskiej&#8221;. W trakcie spotkania zarzucono by\u0142emu prezydentowi z\u0142e decyzje, brak reakcji na dzia\u0142ania nowej w\u0142adzy i \u2013 jak okre\u015blono \u2013 \u201ezdrad\u0119 obozu patriotycznego\u201d. Dzia\u0142acze wprost pytali Dud\u0119, dlaczego nie stan\u0105\u0142 po stronie protestuj\u0105cych, gdy \u2013 ich zdaniem \u2013 \u0142amano konstytucj\u0119. Wskazywali te\u017c na kontrowersyjne &#8230; <a title=\"Awantura z by\u0142ym prezydentem. Andrzej Duda star\u0142 si\u0119 z dzia\u0142aczami &#8220;Gazety Polskiej&#8221;\" class=\"read-more\" href=\"https:\/\/dobrezrodla.com\/?p=4207\" aria-label=\"Read more about Awantura z by\u0142ym prezydentem. Andrzej Duda star\u0142 si\u0119 z dzia\u0142aczami &#8220;Gazety Polskiej&#8221;\">Read more<\/a><\/p>\n","protected":false},"author":1,"featured_media":4208,"comment_status":"open","ping_status":"open","sticky":false,"template":"","format":"standard","meta":{"footnotes":""},"categories":[1],"tags":[],"class_list":["post-4207","post","type-post","status-publish","format-standard","has-post-thumbnail","hentry","category-uncategorized"],"_links":{"self":[{"href":"https:\/\/dobrezrodla.com\/index.php?rest_route=\/wp\/v2\/posts\/4207","targetHints":{"allow":["GET"]}}],"collection":[{"href":"https:\/\/dobrezrodla.com\/index.php?rest_route=\/wp\/v2\/posts"}],"about":[{"href":"https:\/\/dobrezrodla.com\/index.php?rest_route=\/wp\/v2\/types\/post"}],"author":[{"embeddable":true,"href":"https:\/\/dobrezrodla.com\/index.php?rest_route=\/wp\/v2\/users\/1"}],"replies":[{"embeddable":true,"href":"https:\/\/dobrezrodla.com\/index.php?rest_route=%2Fwp%2Fv2%2Fcomments&post=4207"}],"version-history":[{"count":1,"href":"https:\/\/dobrezrodla.com\/index.php?rest_route=\/wp\/v2\/posts\/4207\/revisions"}],"predecessor-version":[{"id":4209,"href":"https:\/\/dobrezrodla.com\/index.php?rest_route=\/wp\/v2\/posts\/4207\/revisions\/4209"}],"wp:featuredmedia":[{"embeddable":true,"href":"https:\/\/dobrezrodla.com\/index.php?rest_route=\/wp\/v2\/media\/4208"}],"wp:attachment":[{"href":"https:\/\/dobrezrodla.com\/index.php?rest_route=%2Fwp%2Fv2%2Fmedia&parent=4207"}],"wp:term":[{"taxonomy":"category","embeddable":true,"href":"https:\/\/dobrezrodla.com\/index.php?rest_route=%2Fwp%2Fv2%2Fcategories&post=4207"},{"taxonomy":"post_tag","embeddable":true,"href":"https:\/\/dobrezrodla.com\/index.php?rest_route=%2Fwp%2Fv2%2Ftags&post=4207"}],"curies":[{"name":"wp","href":"https:\/\/api.w.org\/{rel}","templated":true}]}}