{"id":4245,"date":"2025-09-13T21:12:04","date_gmt":"2025-09-13T21:12:04","guid":{"rendered":"https:\/\/dobrezrodla.com\/?p=4245"},"modified":"2025-09-13T21:12:04","modified_gmt":"2025-09-13T21:12:04","slug":"duda-o-nawrockim-to-bardzo-dobry-miesiac-byly-prezydent-komentuje-dzialania-swojego-nastepcy","status":"publish","type":"post","link":"https:\/\/dobrezrodla.com\/?p=4245","title":{"rendered":"Duda o Nawrockim: \u201eTo bardzo dobry miesi\u0105c\u201d. By\u0142y prezydent komentuje dzia\u0142ania swojego nast\u0119pcy"},"content":{"rendered":"\n<p>Andrzej Duda zabra\u0142 g\u0142os w sprawie pierwszych tygodni urz\u0119dowania nowego prezydenta Karola Nawrockiego \u2013 i nie szcz\u0119dzi\u0142 mu pochwa\u0142. W rozmowie z RMF FM by\u0142y prezydent oceni\u0142, \u017ce jego nast\u0119pca dzia\u0142a aktywnie, konsekwentnie i z pe\u0142nym zaanga\u017cowaniem.<\/p>\n\n\n\n<p>\u201eTo jest miesi\u0105c bardzo dobry. Du\u017ca aktywno\u015b\u0107 prezydenta na ka\u017cdym polu: legislacyjnym, realizacji swoich zobowi\u0105za\u0144 wobec wyborc\u00f3w. Jest konsekwentny\u201d \u2013 powiedzia\u0142 Duda, dodaj\u0105c, \u017ce Nawrocki nie unika kontaktu z obywatelami i znajduje czas na spotkania w terenie.<\/p>\n\n\n\n<p>Duda wyrazi\u0142 tak\u017ce swoje poparcie dla idei zmian konstytucyjnych, o kt\u00f3rych wspomina Nawrocki, oraz dla prezydenckiego modelu w\u0142adzy. Zapowiedzia\u0142, \u017ce ch\u0119tnie udzieli swojemu nast\u0119pcy rad \u2013 o ile ten b\u0119dzie chcia\u0142 z nich skorzysta\u0107.<\/p>\n\n\n\n<p>Komentuj\u0105c prezydenckie weta, Duda wyja\u015bni\u0142, \u017ce wiele z tych ustaw by\u0142o \u201eprzytrzymywanych\u201d przez rz\u0105d w czasie jego kadencji, by nie m\u00f3g\u0142 ich zawetowa\u0107. Teraz, jak zauwa\u017cy\u0142, Nawrocki realizuje zapowiedzi, kt\u00f3re by\u0142y znane ju\u017c wcze\u015bniej. \u201ePolacy zdecydowali inaczej, wygra\u0142 Karol Nawrocki. Prezydent konsekwentnie wykonuje to, co by\u0142o zapowiedziane\u201d \u2013 podsumowa\u0142.<\/p>\n","protected":false},"excerpt":{"rendered":"<p>Andrzej Duda zabra\u0142 g\u0142os w sprawie pierwszych tygodni urz\u0119dowania nowego prezydenta Karola Nawrockiego \u2013 i nie szcz\u0119dzi\u0142 mu pochwa\u0142. W rozmowie z RMF FM by\u0142y prezydent oceni\u0142, \u017ce jego nast\u0119pca dzia\u0142a aktywnie, konsekwentnie i z pe\u0142nym zaanga\u017cowaniem. \u201eTo jest miesi\u0105c bardzo dobry. Du\u017ca aktywno\u015b\u0107 prezydenta na ka\u017cdym polu: legislacyjnym, realizacji swoich zobowi\u0105za\u0144 wobec wyborc\u00f3w. Jest &#8230; <a title=\"Duda o Nawrockim: \u201eTo bardzo dobry miesi\u0105c\u201d. By\u0142y prezydent komentuje dzia\u0142ania swojego nast\u0119pcy\" class=\"read-more\" href=\"https:\/\/dobrezrodla.com\/?p=4245\" aria-label=\"Read more about Duda o Nawrockim: \u201eTo bardzo dobry miesi\u0105c\u201d. By\u0142y prezydent komentuje dzia\u0142ania swojego nast\u0119pcy\">Read more<\/a><\/p>\n","protected":false},"author":1,"featured_media":4246,"comment_status":"open","ping_status":"open","sticky":false,"template":"","format":"standard","meta":{"footnotes":""},"categories":[1],"tags":[],"class_list":["post-4245","post","type-post","status-publish","format-standard","has-post-thumbnail","hentry","category-uncategorized"],"_links":{"self":[{"href":"https:\/\/dobrezrodla.com\/index.php?rest_route=\/wp\/v2\/posts\/4245","targetHints":{"allow":["GET"]}}],"collection":[{"href":"https:\/\/dobrezrodla.com\/index.php?rest_route=\/wp\/v2\/posts"}],"about":[{"href":"https:\/\/dobrezrodla.com\/index.php?rest_route=\/wp\/v2\/types\/post"}],"author":[{"embeddable":true,"href":"https:\/\/dobrezrodla.com\/index.php?rest_route=\/wp\/v2\/users\/1"}],"replies":[{"embeddable":true,"href":"https:\/\/dobrezrodla.com\/index.php?rest_route=%2Fwp%2Fv2%2Fcomments&post=4245"}],"version-history":[{"count":1,"href":"https:\/\/dobrezrodla.com\/index.php?rest_route=\/wp\/v2\/posts\/4245\/revisions"}],"predecessor-version":[{"id":4247,"href":"https:\/\/dobrezrodla.com\/index.php?rest_route=\/wp\/v2\/posts\/4245\/revisions\/4247"}],"wp:featuredmedia":[{"embeddable":true,"href":"https:\/\/dobrezrodla.com\/index.php?rest_route=\/wp\/v2\/media\/4246"}],"wp:attachment":[{"href":"https:\/\/dobrezrodla.com\/index.php?rest_route=%2Fwp%2Fv2%2Fmedia&parent=4245"}],"wp:term":[{"taxonomy":"category","embeddable":true,"href":"https:\/\/dobrezrodla.com\/index.php?rest_route=%2Fwp%2Fv2%2Fcategories&post=4245"},{"taxonomy":"post_tag","embeddable":true,"href":"https:\/\/dobrezrodla.com\/index.php?rest_route=%2Fwp%2Fv2%2Ftags&post=4245"}],"curies":[{"name":"wp","href":"https:\/\/api.w.org\/{rel}","templated":true}]}}