{"id":4257,"date":"2025-09-13T21:14:05","date_gmt":"2025-09-13T21:14:05","guid":{"rendered":"https:\/\/dobrezrodla.com\/?p=4257"},"modified":"2025-09-13T21:14:05","modified_gmt":"2025-09-13T21:14:05","slug":"karol-nawrocki-zyskuje-w-oczach-polakow-nowy-sondaz-pokazuje-zauwazalny-wzrost-poparcia","status":"publish","type":"post","link":"https:\/\/dobrezrodla.com\/?p=4257","title":{"rendered":"Karol Nawrocki zyskuje w oczach Polak\u00f3w! Nowy sonda\u017c pokazuje zauwa\u017calny wzrost poparcia"},"content":{"rendered":"\n<p>Prezydent Karol Nawrocki mo\u017ce m\u00f3wi\u0107 o wyra\u017anym odbiciu w sonda\u017cach. Najnowsze badanie Og\u00f3lnopolskiej Grupy Badawczej pokazuje, \u017ce a\u017c <strong>47,5%<\/strong><\/p>\n\n\n\n<p><strong> Polak\u00f3w ocenia jego dzia\u0142ania pozytywnie<\/strong> \u2013 to znacz\u0105cy wzrost w por\u00f3wnaniu z poprzednim badaniem sprzed niespe\u0142na miesi\u0105ca, kiedy pozytywne noty zebra\u0142 od 41,7% ankietowanych.<\/p>\n\n\n\n<p>Tymczasem negatywnie o Nawrockim wypowiada si\u0119 33,2% respondent\u00f3w, a niemal co pi\u0105ty badany (19,3%) nie ma jeszcze wyrobionego zdania.<\/p>\n\n\n\n<p>Eksperci zauwa\u017caj\u0105, \u017ce trend rosn\u0105cego poparcia mo\u017ce \u015bwiadczy\u0107 o rosn\u0105cym zaufaniu do prezydenta w obliczu napi\u0119\u0107 mi\u0119dzynarodowych i wewn\u0119trznych<\/p>\n\n\n\n<p> debat politycznych. Ocenie poddano r\u00f3wnie\u017c spos\u00f3b, w jaki Nawrocki reaguje na sytuacje kryzysowe i jego aktywno\u015b\u0107 legislacyjn\u0105 \u2013 te elementy najcz\u0119\u015bciej wskazywano jako powody pozytywnej oceny.<\/p>\n\n\n\n<p>Czy to pocz\u0105tek trwa\u0142ej zmiany nastroj\u00f3w spo\u0142ecznych, czy chwilowe odbicie? Czas poka\u017ce \u2013 ale Nawrocki mo\u017ce ten wynik traktowa\u0107 jako mocny sygna\u0142 poparcia.<\/p>\n","protected":false},"excerpt":{"rendered":"<p>Prezydent Karol Nawrocki mo\u017ce m\u00f3wi\u0107 o wyra\u017anym odbiciu w sonda\u017cach. Najnowsze badanie Og\u00f3lnopolskiej Grupy Badawczej pokazuje, \u017ce a\u017c 47,5% Polak\u00f3w ocenia jego dzia\u0142ania pozytywnie \u2013 to znacz\u0105cy wzrost w por\u00f3wnaniu z poprzednim badaniem sprzed niespe\u0142na miesi\u0105ca, kiedy pozytywne noty zebra\u0142 od 41,7% ankietowanych. Tymczasem negatywnie o Nawrockim wypowiada si\u0119 33,2% respondent\u00f3w, a niemal co pi\u0105ty &#8230; <a title=\"Karol Nawrocki zyskuje w oczach Polak\u00f3w! Nowy sonda\u017c pokazuje zauwa\u017calny wzrost poparcia\" class=\"read-more\" href=\"https:\/\/dobrezrodla.com\/?p=4257\" aria-label=\"Read more about Karol Nawrocki zyskuje w oczach Polak\u00f3w! Nowy sonda\u017c pokazuje zauwa\u017calny wzrost poparcia\">Read more<\/a><\/p>\n","protected":false},"author":1,"featured_media":4258,"comment_status":"open","ping_status":"open","sticky":false,"template":"","format":"standard","meta":{"footnotes":""},"categories":[1],"tags":[],"class_list":["post-4257","post","type-post","status-publish","format-standard","has-post-thumbnail","hentry","category-uncategorized"],"_links":{"self":[{"href":"https:\/\/dobrezrodla.com\/index.php?rest_route=\/wp\/v2\/posts\/4257","targetHints":{"allow":["GET"]}}],"collection":[{"href":"https:\/\/dobrezrodla.com\/index.php?rest_route=\/wp\/v2\/posts"}],"about":[{"href":"https:\/\/dobrezrodla.com\/index.php?rest_route=\/wp\/v2\/types\/post"}],"author":[{"embeddable":true,"href":"https:\/\/dobrezrodla.com\/index.php?rest_route=\/wp\/v2\/users\/1"}],"replies":[{"embeddable":true,"href":"https:\/\/dobrezrodla.com\/index.php?rest_route=%2Fwp%2Fv2%2Fcomments&post=4257"}],"version-history":[{"count":1,"href":"https:\/\/dobrezrodla.com\/index.php?rest_route=\/wp\/v2\/posts\/4257\/revisions"}],"predecessor-version":[{"id":4259,"href":"https:\/\/dobrezrodla.com\/index.php?rest_route=\/wp\/v2\/posts\/4257\/revisions\/4259"}],"wp:featuredmedia":[{"embeddable":true,"href":"https:\/\/dobrezrodla.com\/index.php?rest_route=\/wp\/v2\/media\/4258"}],"wp:attachment":[{"href":"https:\/\/dobrezrodla.com\/index.php?rest_route=%2Fwp%2Fv2%2Fmedia&parent=4257"}],"wp:term":[{"taxonomy":"category","embeddable":true,"href":"https:\/\/dobrezrodla.com\/index.php?rest_route=%2Fwp%2Fv2%2Fcategories&post=4257"},{"taxonomy":"post_tag","embeddable":true,"href":"https:\/\/dobrezrodla.com\/index.php?rest_route=%2Fwp%2Fv2%2Ftags&post=4257"}],"curies":[{"name":"wp","href":"https:\/\/api.w.org\/{rel}","templated":true}]}}