{"id":4321,"date":"2025-09-15T16:57:19","date_gmt":"2025-09-15T16:57:19","guid":{"rendered":"https:\/\/dobrezrodla.com\/?p=4321"},"modified":"2025-09-15T16:57:20","modified_gmt":"2025-09-15T16:57:20","slug":"nowy-front-wspolpracy-prezydent-nawrocki-z-niespodziewanym-towarzyszem-w-berlinie-i-paryzu","status":"publish","type":"post","link":"https:\/\/dobrezrodla.com\/?p=4321","title":{"rendered":"Nowy front wsp\u00f3\u0142pracy? Prezydent Nawrocki z niespodziewanym towarzyszem w Berlinie i Pary\u017cu"},"content":{"rendered":"\n<p>Karol Nawrocki wyrusza z wa\u017cn\u0105 misj\u0105 dyplomatyczn\u0105 do Berlina i Pary\u017ca \u2013 i tym razem nie b\u0119dzie sam. U jego boku pojawi si\u0119 wiceminister spraw zagranicznych <\/p>\n\n\n\n<p>W\u0142adys\u0142aw Teofil Bartoszewski, co oznacza nowy etap wsp\u00f3\u0142pracy mi\u0119dzy Pa\u0142acem Prezydenckim a MSZ po serii ch\u0142odnych relacji i publicznych zgrzyt\u00f3w.<\/p>\n\n\n\n<p>Spotkania w Berlinie z prezydentem Frankiem-Walterem Steinmeierem i kanclerzem Friedrichem Merzem, a tak\u017ce p\u00f3\u017aniejsza wizyta w Pary\u017cu i rozmowa z <\/p>\n\n\n\n<p>Emmanuelem Macronem maj\u0105 przynie\u015b\u0107 konkretne efekty \u2013 od kwestii bezpiecze\u0144stwa w Europie po trudny temat zado\u015b\u0107uczynie\u0144 wojennych od Niemiec.<\/p>\n\n\n\n<p>Wiceminister Bartoszewski nie ukrywa, \u017ce g\u0142\u00f3wnymi tematami rozm\u00f3w b\u0119dzie wsp\u00f3\u0142praca w ramach Tr\u00f3jk\u0105ta Weimarskiego oraz odpowied\u017a na rosn\u0105ce zagro\u017cenie ze strony Rosji. Co ciekawe, MSZ odcina si\u0119 od postulatu reparacji, zamiast tego wspieraj\u0105c <\/p>\n\n\n\n<p>prezydenta w dzia\u0142aniach na rzecz &#8220;zado\u015b\u0107uczynienia moralnego&#8221;, co wed\u0142ug Bartoszewskiego ma wi\u0119ksze szanse na powodzenie.<\/p>\n\n\n\n<p>Dotychczasowe zagraniczne podr\u00f3\u017ce Nawrockiego \u2013 m.in. do USA czy Watykanu \u2013 odbywa\u0142y si\u0119 bez obecno\u015bci przedstawicieli MSZ, co prowadzi\u0142o do spi\u0119\u0107 i medialnych przepychanek z szefem dyplomacji Rados\u0142awem Sikorskim. Tym razem jednak wygl\u0105da na to, \u017ce obie strony chc\u0105 m\u00f3wi\u0107 jednym g\u0142osem \u2013 przynajmniej na czas tej wizyty.<\/p>\n\n\n\n<p>Czy to chwilowy rozejm, czy pocz\u0105tek prawdziwej zmiany w relacjach mi\u0119dzy prezydentem a rz\u0105dem?<\/p>\n","protected":false},"excerpt":{"rendered":"<p>Karol Nawrocki wyrusza z wa\u017cn\u0105 misj\u0105 dyplomatyczn\u0105 do Berlina i Pary\u017ca \u2013 i tym razem nie b\u0119dzie sam. U jego boku pojawi si\u0119 wiceminister spraw zagranicznych W\u0142adys\u0142aw Teofil Bartoszewski, co oznacza nowy etap wsp\u00f3\u0142pracy mi\u0119dzy Pa\u0142acem Prezydenckim a MSZ po serii ch\u0142odnych relacji i publicznych zgrzyt\u00f3w. Spotkania w Berlinie z prezydentem Frankiem-Walterem Steinmeierem i kanclerzem &#8230; <a title=\"Nowy front wsp\u00f3\u0142pracy? Prezydent Nawrocki z niespodziewanym towarzyszem w Berlinie i Pary\u017cu\" class=\"read-more\" href=\"https:\/\/dobrezrodla.com\/?p=4321\" aria-label=\"Read more about Nowy front wsp\u00f3\u0142pracy? Prezydent Nawrocki z niespodziewanym towarzyszem w Berlinie i Pary\u017cu\">Read more<\/a><\/p>\n","protected":false},"author":1,"featured_media":4322,"comment_status":"open","ping_status":"open","sticky":false,"template":"","format":"standard","meta":{"footnotes":""},"categories":[1],"tags":[],"class_list":["post-4321","post","type-post","status-publish","format-standard","has-post-thumbnail","hentry","category-uncategorized"],"_links":{"self":[{"href":"https:\/\/dobrezrodla.com\/index.php?rest_route=\/wp\/v2\/posts\/4321","targetHints":{"allow":["GET"]}}],"collection":[{"href":"https:\/\/dobrezrodla.com\/index.php?rest_route=\/wp\/v2\/posts"}],"about":[{"href":"https:\/\/dobrezrodla.com\/index.php?rest_route=\/wp\/v2\/types\/post"}],"author":[{"embeddable":true,"href":"https:\/\/dobrezrodla.com\/index.php?rest_route=\/wp\/v2\/users\/1"}],"replies":[{"embeddable":true,"href":"https:\/\/dobrezrodla.com\/index.php?rest_route=%2Fwp%2Fv2%2Fcomments&post=4321"}],"version-history":[{"count":1,"href":"https:\/\/dobrezrodla.com\/index.php?rest_route=\/wp\/v2\/posts\/4321\/revisions"}],"predecessor-version":[{"id":4323,"href":"https:\/\/dobrezrodla.com\/index.php?rest_route=\/wp\/v2\/posts\/4321\/revisions\/4323"}],"wp:featuredmedia":[{"embeddable":true,"href":"https:\/\/dobrezrodla.com\/index.php?rest_route=\/wp\/v2\/media\/4322"}],"wp:attachment":[{"href":"https:\/\/dobrezrodla.com\/index.php?rest_route=%2Fwp%2Fv2%2Fmedia&parent=4321"}],"wp:term":[{"taxonomy":"category","embeddable":true,"href":"https:\/\/dobrezrodla.com\/index.php?rest_route=%2Fwp%2Fv2%2Fcategories&post=4321"},{"taxonomy":"post_tag","embeddable":true,"href":"https:\/\/dobrezrodla.com\/index.php?rest_route=%2Fwp%2Fv2%2Ftags&post=4321"}],"curies":[{"name":"wp","href":"https:\/\/api.w.org\/{rel}","templated":true}]}}