{"id":4324,"date":"2025-09-15T16:58:04","date_gmt":"2025-09-15T16:58:04","guid":{"rendered":"https:\/\/dobrezrodla.com\/?p=4324"},"modified":"2025-09-15T16:58:04","modified_gmt":"2025-09-15T16:58:04","slug":"waldemar-zurek-rusza-z-kolejna-fala-czystek-w-sadach-25-prezesow-i-wiceprezesow-traci-stanowiska-mimo-sprzeciwu","status":"publish","type":"post","link":"https:\/\/dobrezrodla.com\/?p=4324","title":{"rendered":"Waldemar \u017burek rusza z kolejn\u0105 fal\u0105 czystek w s\u0105dach. 25 prezes\u00f3w i wiceprezes\u00f3w traci stanowiska \u2013 mimo sprzeciwu!"},"content":{"rendered":"\n<p>Minister sprawiedliwo\u015bci Waldemar \u017burek nie zwalnia tempa. Wbrew opiniom \u015brodowiska s\u0119dziowskiego odwo\u0142a\u0142 kolejnych 25<\/p>\n\n\n\n<p> prezes\u00f3w i wiceprezes\u00f3w s\u0105d\u00f3w w ca\u0142ej Polsce. Jak t\u0142umaczy, decyzja zapad\u0142a ze wzgl\u0119du na ich zwi\u0105zki z &#8220;nieprawid\u0142owo ukszta\u0142towan\u0105&#8221; Krajow\u0105 Rad\u0105 S\u0105downictwa, kt\u00f3ra \u2013 jego zdaniem \u2013 nie jest zdolna do bezstronnej oceny.<\/p>\n\n\n\n<p>Cho\u0107 kolegia s\u0105d\u00f3w negatywnie oceni\u0142y pomys\u0142 ich odwo\u0142ania, minister uzna\u0142 te opinie za niewi\u0105\u017c\u0105ce. Jego zdaniem, cz\u0119\u015b\u0107 tych organ\u00f3w zosta\u0142a powo\u0142ana jeszcze przez Zbigniewa Ziobr\u0119 i nie spe\u0142nia ju\u017c kryteri\u00f3w niezale\u017cno\u015bci.<\/p>\n\n\n\n<p>Lista odwo\u0142anych s\u0119dzi\u00f3w obejmuje kilkadziesi\u0105t miast \u2013 od Katowic i Gda\u0144ska po Zamo\u015b\u0107 i Hrubiesz\u00f3w. To kontynuacja fali czystek w wymiarze sprawiedliwo\u015bci, kt\u00f3r\u0105 \u017burek rozpocz\u0105\u0142 kilka tygodni temu<\/p>\n\n\n\n<p>. Minister przekonuje, \u017ce dzia\u0142a w interesie obywateli i pa\u0144stwa prawa, a jego decyzje s\u0105 zgodne z konstytucj\u0105 oraz standardami unijnymi.<\/p>\n\n\n\n<p>Zamiast kierowa\u0107 si\u0119 opini\u0105 KRS \u2013 kt\u00f3r\u0105 uwa\u017ca za organ nielegalny i zale\u017cny od w\u0142adzy ustawodawczej \u2013 resort sprawiedliwo\u015bci opiera si\u0119 na tzw. <\/p>\n\n\n\n<p>rozproszonej kontroli konstytucyjnej. To oznacza, \u017ce s\u0105dy i urz\u0119dy maj\u0105 same ocenia\u0107 zgodno\u015b\u0107 prawa z konstytucj\u0105 \u2013 bez udzia\u0142u Trybuna\u0142u Konstytucyjnego, kt\u00f3ry wed\u0142ug resortu utraci\u0142 wiarygodno\u015b\u0107.<\/p>\n\n\n\n<p>Czy \u017burek rzeczywi\u015bcie oczyszcza wymiar sprawiedliwo\u015bci \u2013 czy mo\u017ce wprowadza swoj\u0105 wersj\u0119 \u201edobrej zmiany 2.0\u201d?<\/p>\n","protected":false},"excerpt":{"rendered":"<p>Minister sprawiedliwo\u015bci Waldemar \u017burek nie zwalnia tempa. Wbrew opiniom \u015brodowiska s\u0119dziowskiego odwo\u0142a\u0142 kolejnych 25 prezes\u00f3w i wiceprezes\u00f3w s\u0105d\u00f3w w ca\u0142ej Polsce. Jak t\u0142umaczy, decyzja zapad\u0142a ze wzgl\u0119du na ich zwi\u0105zki z &#8220;nieprawid\u0142owo ukszta\u0142towan\u0105&#8221; Krajow\u0105 Rad\u0105 S\u0105downictwa, kt\u00f3ra \u2013 jego zdaniem \u2013 nie jest zdolna do bezstronnej oceny. Cho\u0107 kolegia s\u0105d\u00f3w negatywnie oceni\u0142y pomys\u0142 ich odwo\u0142ania, &#8230; <a title=\"Waldemar \u017burek rusza z kolejn\u0105 fal\u0105 czystek w s\u0105dach. 25 prezes\u00f3w i wiceprezes\u00f3w traci stanowiska \u2013 mimo sprzeciwu!\" class=\"read-more\" href=\"https:\/\/dobrezrodla.com\/?p=4324\" aria-label=\"Read more about Waldemar \u017burek rusza z kolejn\u0105 fal\u0105 czystek w s\u0105dach. 25 prezes\u00f3w i wiceprezes\u00f3w traci stanowiska \u2013 mimo sprzeciwu!\">Read more<\/a><\/p>\n","protected":false},"author":1,"featured_media":4325,"comment_status":"open","ping_status":"open","sticky":false,"template":"","format":"standard","meta":{"footnotes":""},"categories":[1],"tags":[],"class_list":["post-4324","post","type-post","status-publish","format-standard","has-post-thumbnail","hentry","category-uncategorized"],"_links":{"self":[{"href":"https:\/\/dobrezrodla.com\/index.php?rest_route=\/wp\/v2\/posts\/4324","targetHints":{"allow":["GET"]}}],"collection":[{"href":"https:\/\/dobrezrodla.com\/index.php?rest_route=\/wp\/v2\/posts"}],"about":[{"href":"https:\/\/dobrezrodla.com\/index.php?rest_route=\/wp\/v2\/types\/post"}],"author":[{"embeddable":true,"href":"https:\/\/dobrezrodla.com\/index.php?rest_route=\/wp\/v2\/users\/1"}],"replies":[{"embeddable":true,"href":"https:\/\/dobrezrodla.com\/index.php?rest_route=%2Fwp%2Fv2%2Fcomments&post=4324"}],"version-history":[{"count":1,"href":"https:\/\/dobrezrodla.com\/index.php?rest_route=\/wp\/v2\/posts\/4324\/revisions"}],"predecessor-version":[{"id":4326,"href":"https:\/\/dobrezrodla.com\/index.php?rest_route=\/wp\/v2\/posts\/4324\/revisions\/4326"}],"wp:featuredmedia":[{"embeddable":true,"href":"https:\/\/dobrezrodla.com\/index.php?rest_route=\/wp\/v2\/media\/4325"}],"wp:attachment":[{"href":"https:\/\/dobrezrodla.com\/index.php?rest_route=%2Fwp%2Fv2%2Fmedia&parent=4324"}],"wp:term":[{"taxonomy":"category","embeddable":true,"href":"https:\/\/dobrezrodla.com\/index.php?rest_route=%2Fwp%2Fv2%2Fcategories&post=4324"},{"taxonomy":"post_tag","embeddable":true,"href":"https:\/\/dobrezrodla.com\/index.php?rest_route=%2Fwp%2Fv2%2Ftags&post=4324"}],"curies":[{"name":"wp","href":"https:\/\/api.w.org\/{rel}","templated":true}]}}