{"id":4339,"date":"2025-09-15T17:01:36","date_gmt":"2025-09-15T17:01:36","guid":{"rendered":"https:\/\/dobrezrodla.com\/?p=4339"},"modified":"2025-09-15T17:01:36","modified_gmt":"2025-09-15T17:01:36","slug":"mentzen-uslyszal-co-wojsko-naprawde-sadzi-o-jego-wpisach-kulisy-ostrej-rozmowy-podczas-rbn","status":"publish","type":"post","link":"https:\/\/dobrezrodla.com\/?p=4339","title":{"rendered":"Mentzen us\u0142ysza\u0142, co wojsko naprawd\u0119 s\u0105dzi o jego wpisach. Kulisy ostrej rozmowy podczas RBN"},"content":{"rendered":"\n<p>Podczas posiedzenia Rady Bezpiecze\u0144stwa Narodowego genera\u0142owie nie przebierali w s\u0142owach \u2013 tak przynajmniej relacjonuj\u0105 dziennikarze TVN24.<\/p>\n\n\n\n<p> Lider Konfederacji S\u0142awomir Mentzen, kt\u00f3ry wcze\u015bniej krytykowa\u0142 wysokie koszty zestrzeliwania rosyjskich dron\u00f3w, mia\u0142 us\u0142ysze\u0107 bardzo stanowcze wyja\u015bnienia od najwa\u017cniejszych dow\u00f3dc\u00f3w polskiej armii.<\/p>\n\n\n\n<p>\u201eDelikatnie m\u00f3wi\u0105c, maj\u0105 szersz\u0105 wiedz\u0119 na ten temat\u201d \u2013 relacjonuje Maja W\u00f3jcikowska. Genera\u0142owie, m.in. Wies\u0142aw Kuku\u0142a i Maciej Klisz, podkre\u015blili, <\/p>\n\n\n\n<p>\u017ce dzia\u0142ania wojska by\u0142y nie tylko uzasadnione, ale absolutnie konieczne \u2013 bez wzgl\u0119du na koszt u\u017cytych pocisk\u00f3w.<\/p>\n\n\n\n<p>Mentzen wcze\u015bniej pisa\u0142 w mediach spo\u0142eczno\u015bciowych, \u017ce \u201emilionowe rakiety nie powinny zestrzeliwa\u0107 tanich dron\u00f3w\u201d, co wywo\u0142a\u0142o oburzenie w kr\u0119gach wojskowych i politycznych.<\/p>\n\n\n\n<p>Podczas tej samej RBN pojawi\u0142y si\u0119 te\u017c emocje po stronie prezydenta Karola Nawrockiego. Jak donosi TVN24, nowy prezydent by\u0142 wyra\u017anie poruszony sytuacj\u0105.<\/p>\n\n\n\n<p> \u201eNawrockim trz\u0119s\u0142o\u201d \u2013 mia\u0142 powiedzie\u0107 jeden z ministr\u00f3w, jednocze\u015bnie chwal\u0105c jego powag\u0119 i opanowanie.<\/p>\n\n\n\n<p>Tymczasem r\u00f3\u017cnice w stanowiskach mi\u0119dzy USA i Europ\u0105 staj\u0105 si\u0119 coraz bardziej widoczne. Ameryka\u0144ski prezydent Donald Trump zbagatelizowa\u0142 incydent z dronami, sugeruj\u0105c, \u017ce \u201emog\u0142a to by\u0107 pomy\u0142ka\u201d. Zdaniem \u017ar\u00f3de\u0142 z MSZ, to w\u0142a\u015bnie Trump jest najmniej ch\u0119tnym do twardej polityki wobec Rosji w\u015br\u00f3d \u015bwiatowych lider\u00f3w.<\/p>\n","protected":false},"excerpt":{"rendered":"<p>Podczas posiedzenia Rady Bezpiecze\u0144stwa Narodowego genera\u0142owie nie przebierali w s\u0142owach \u2013 tak przynajmniej relacjonuj\u0105 dziennikarze TVN24. Lider Konfederacji S\u0142awomir Mentzen, kt\u00f3ry wcze\u015bniej krytykowa\u0142 wysokie koszty zestrzeliwania rosyjskich dron\u00f3w, mia\u0142 us\u0142ysze\u0107 bardzo stanowcze wyja\u015bnienia od najwa\u017cniejszych dow\u00f3dc\u00f3w polskiej armii. \u201eDelikatnie m\u00f3wi\u0105c, maj\u0105 szersz\u0105 wiedz\u0119 na ten temat\u201d \u2013 relacjonuje Maja W\u00f3jcikowska. Genera\u0142owie, m.in. Wies\u0142aw Kuku\u0142a i &#8230; <a title=\"Mentzen us\u0142ysza\u0142, co wojsko naprawd\u0119 s\u0105dzi o jego wpisach. Kulisy ostrej rozmowy podczas RBN\" class=\"read-more\" href=\"https:\/\/dobrezrodla.com\/?p=4339\" aria-label=\"Read more about Mentzen us\u0142ysza\u0142, co wojsko naprawd\u0119 s\u0105dzi o jego wpisach. Kulisy ostrej rozmowy podczas RBN\">Read more<\/a><\/p>\n","protected":false},"author":1,"featured_media":4340,"comment_status":"open","ping_status":"open","sticky":false,"template":"","format":"standard","meta":{"footnotes":""},"categories":[1],"tags":[],"class_list":["post-4339","post","type-post","status-publish","format-standard","has-post-thumbnail","hentry","category-uncategorized"],"_links":{"self":[{"href":"https:\/\/dobrezrodla.com\/index.php?rest_route=\/wp\/v2\/posts\/4339","targetHints":{"allow":["GET"]}}],"collection":[{"href":"https:\/\/dobrezrodla.com\/index.php?rest_route=\/wp\/v2\/posts"}],"about":[{"href":"https:\/\/dobrezrodla.com\/index.php?rest_route=\/wp\/v2\/types\/post"}],"author":[{"embeddable":true,"href":"https:\/\/dobrezrodla.com\/index.php?rest_route=\/wp\/v2\/users\/1"}],"replies":[{"embeddable":true,"href":"https:\/\/dobrezrodla.com\/index.php?rest_route=%2Fwp%2Fv2%2Fcomments&post=4339"}],"version-history":[{"count":1,"href":"https:\/\/dobrezrodla.com\/index.php?rest_route=\/wp\/v2\/posts\/4339\/revisions"}],"predecessor-version":[{"id":4341,"href":"https:\/\/dobrezrodla.com\/index.php?rest_route=\/wp\/v2\/posts\/4339\/revisions\/4341"}],"wp:featuredmedia":[{"embeddable":true,"href":"https:\/\/dobrezrodla.com\/index.php?rest_route=\/wp\/v2\/media\/4340"}],"wp:attachment":[{"href":"https:\/\/dobrezrodla.com\/index.php?rest_route=%2Fwp%2Fv2%2Fmedia&parent=4339"}],"wp:term":[{"taxonomy":"category","embeddable":true,"href":"https:\/\/dobrezrodla.com\/index.php?rest_route=%2Fwp%2Fv2%2Fcategories&post=4339"},{"taxonomy":"post_tag","embeddable":true,"href":"https:\/\/dobrezrodla.com\/index.php?rest_route=%2Fwp%2Fv2%2Ftags&post=4339"}],"curies":[{"name":"wp","href":"https:\/\/api.w.org\/{rel}","templated":true}]}}