{"id":4351,"date":"2025-09-15T17:03:52","date_gmt":"2025-09-15T17:03:52","guid":{"rendered":"https:\/\/dobrezrodla.com\/?p=4351"},"modified":"2025-09-15T17:03:52","modified_gmt":"2025-09-15T17:03:52","slug":"kolejna-fala-odwolan-w-sadach-zurek-dziala-mimo-sprzeciwu-25-prezesow-i-wiceprezesow-traci-stanowiska","status":"publish","type":"post","link":"https:\/\/dobrezrodla.com\/?p=4351","title":{"rendered":"Kolejna fala odwo\u0142a\u0144 w s\u0105dach. \u017burek dzia\u0142a mimo sprzeciwu \u2013 25 prezes\u00f3w i wiceprezes\u00f3w traci stanowiska"},"content":{"rendered":"\n<p>Minister sprawiedliwo\u015bci Waldemar \u017burek kontynuuje g\u0142\u0119bokie zmiany kadrowe w s\u0105downictwie. Tym razem decyzj\u0105 szefa resortu stanowiska straci\u0142o a\u017c 25 prezes\u00f3w i wiceprezes\u00f3w s\u0105d\u00f3w <\/p>\n\n\n\n<p>\u2013 mimo \u017ce kolegia tych jednostek wyda\u0142y negatywne opinie w sprawie ich odwo\u0142ania.<\/p>\n\n\n\n<p>Resort t\u0142umaczy, \u017ce chodzi o s\u0119dzi\u00f3w powi\u0105zanych z tzw. \u201estar\u0105\u201d Krajow\u0105 Rad\u0105 S\u0105downictwa \u2013 m.in. tych, kt\u00f3rzy brali udzia\u0142 w kontrowersyjnych procedurach awansowych lub udzielali poparcia kandydatom do tego organu. <\/p>\n\n\n\n<p>Wed\u0142ug ministra, dalsze pe\u0142nienie przez nich funkcji \u201enie da si\u0119 pogodzi\u0107 z dobrem wymiaru sprawiedliwo\u015bci\u201d.<\/p>\n\n\n\n<p>Decyzje, kt\u00f3re obj\u0119\u0142y \u0142\u0105cznie 17 s\u0105d\u00f3w rejonowych i 4 s\u0105dy okr\u0119gowe, oparto na przepisach ustawy o ustroju s\u0105d\u00f3w powszechnych. Chodzi konkretnie o artyku\u0142 pozwalaj\u0105cy na odwo\u0142anie w sytuacji zagro\u017cenia interesu publicznego. <\/p>\n\n\n\n<p>MS podkre\u015bla jednak, \u017ce opinie kolegi\u00f3w nie s\u0105 wi\u0105\u017c\u0105ce, szczeg\u00f3lnie je\u015bli powsta\u0142y w oparciu o przepisy ograniczaj\u0105ce s\u0119dziowsk\u0105 niezale\u017cno\u015b\u0107 \u2013 jak tzw. \u201eustawa kaga\u0144cowa\u201d z 2020 roku.<\/p>\n\n\n\n<p>To kolejny etap oczyszczania wymiaru sprawiedliwo\u015bci z kadr kojarzonych z czasami Zbigniewa Ziobry. Lista nazwisk obejmuje s\u0119dzi\u00f3w z takich miast jak Gda\u0144sk, Katowice, Zamo\u015b\u0107, Wroc\u0142aw czy Konin.<\/p>\n","protected":false},"excerpt":{"rendered":"<p>Minister sprawiedliwo\u015bci Waldemar \u017burek kontynuuje g\u0142\u0119bokie zmiany kadrowe w s\u0105downictwie. Tym razem decyzj\u0105 szefa resortu stanowiska straci\u0142o a\u017c 25 prezes\u00f3w i wiceprezes\u00f3w s\u0105d\u00f3w \u2013 mimo \u017ce kolegia tych jednostek wyda\u0142y negatywne opinie w sprawie ich odwo\u0142ania. Resort t\u0142umaczy, \u017ce chodzi o s\u0119dzi\u00f3w powi\u0105zanych z tzw. \u201estar\u0105\u201d Krajow\u0105 Rad\u0105 S\u0105downictwa \u2013 m.in. tych, kt\u00f3rzy brali udzia\u0142 &#8230; <a title=\"Kolejna fala odwo\u0142a\u0144 w s\u0105dach. \u017burek dzia\u0142a mimo sprzeciwu \u2013 25 prezes\u00f3w i wiceprezes\u00f3w traci stanowiska\" class=\"read-more\" href=\"https:\/\/dobrezrodla.com\/?p=4351\" aria-label=\"Read more about Kolejna fala odwo\u0142a\u0144 w s\u0105dach. \u017burek dzia\u0142a mimo sprzeciwu \u2013 25 prezes\u00f3w i wiceprezes\u00f3w traci stanowiska\">Read more<\/a><\/p>\n","protected":false},"author":1,"featured_media":4352,"comment_status":"open","ping_status":"open","sticky":false,"template":"","format":"standard","meta":{"footnotes":""},"categories":[1],"tags":[],"class_list":["post-4351","post","type-post","status-publish","format-standard","has-post-thumbnail","hentry","category-uncategorized"],"_links":{"self":[{"href":"https:\/\/dobrezrodla.com\/index.php?rest_route=\/wp\/v2\/posts\/4351","targetHints":{"allow":["GET"]}}],"collection":[{"href":"https:\/\/dobrezrodla.com\/index.php?rest_route=\/wp\/v2\/posts"}],"about":[{"href":"https:\/\/dobrezrodla.com\/index.php?rest_route=\/wp\/v2\/types\/post"}],"author":[{"embeddable":true,"href":"https:\/\/dobrezrodla.com\/index.php?rest_route=\/wp\/v2\/users\/1"}],"replies":[{"embeddable":true,"href":"https:\/\/dobrezrodla.com\/index.php?rest_route=%2Fwp%2Fv2%2Fcomments&post=4351"}],"version-history":[{"count":1,"href":"https:\/\/dobrezrodla.com\/index.php?rest_route=\/wp\/v2\/posts\/4351\/revisions"}],"predecessor-version":[{"id":4353,"href":"https:\/\/dobrezrodla.com\/index.php?rest_route=\/wp\/v2\/posts\/4351\/revisions\/4353"}],"wp:featuredmedia":[{"embeddable":true,"href":"https:\/\/dobrezrodla.com\/index.php?rest_route=\/wp\/v2\/media\/4352"}],"wp:attachment":[{"href":"https:\/\/dobrezrodla.com\/index.php?rest_route=%2Fwp%2Fv2%2Fmedia&parent=4351"}],"wp:term":[{"taxonomy":"category","embeddable":true,"href":"https:\/\/dobrezrodla.com\/index.php?rest_route=%2Fwp%2Fv2%2Fcategories&post=4351"},{"taxonomy":"post_tag","embeddable":true,"href":"https:\/\/dobrezrodla.com\/index.php?rest_route=%2Fwp%2Fv2%2Ftags&post=4351"}],"curies":[{"name":"wp","href":"https:\/\/api.w.org\/{rel}","templated":true}]}}