{"id":4369,"date":"2025-09-15T17:06:53","date_gmt":"2025-09-15T17:06:53","guid":{"rendered":"https:\/\/dobrezrodla.com\/?p=4369"},"modified":"2025-09-15T17:06:54","modified_gmt":"2025-09-15T17:06:54","slug":"pierwsza-dama-w-centrum-uwagi-marta-nawrocka-zachwyca-w-rozu-i-ocenia-wience-na-dozynkach-prezydenckich","status":"publish","type":"post","link":"https:\/\/dobrezrodla.com\/?p=4369","title":{"rendered":"Pierwsza Dama w centrum uwagi. Marta Nawrocka zachwyca w r\u00f3\u017cu i ocenia wie\u0144ce na do\u017cynkach prezydenckich"},"content":{"rendered":"\n<p>Podczas sobotnich do\u017cynek prezydenckich wszystkie spojrzenia kierowa\u0142y si\u0119 na Mart\u0119 Nawrock\u0105. Pierwsza Dama <\/p>\n\n\n\n<p>pojawi\u0142a si\u0119 na konkursie na najpi\u0119kniejszy wieniec do\u017cynkowy w odwa\u017cnej, a zarazem eleganckiej stylizacji \u2013 r\u00f3\u017cowym garniturze, kt\u00f3ry podkre\u015bla\u0142 jej klas\u0119 i wyczucie trend\u00f3w.<\/p>\n\n\n\n<p>Monochromatyczny komplet uzupe\u0142ni\u0142y jasne szpilki, a ca\u0142o\u015b\u0107 przyci\u0105ga\u0142a uwag\u0119 zar\u00f3wno go\u015bci, jak i fotoreporter\u00f3w. Stylizacja Marty <\/p>\n\n\n\n<p>Nawrockiej od razu wzbudzi\u0142a zachwyt w mediach spo\u0142eczno\u015bciowych \u2013 internauci komplementowali jej \u015bwie\u017cy, nowoczesny wizerunek i \u015bmia\u0142e podej\u015bcie do mody podczas tradycyjnych uroczysto\u015bci.<\/p>\n\n\n\n<p>Pierwsza Dama nie tylko pozowa\u0142a do zdj\u0119\u0107 \u2013 aktywnie uczestniczy\u0142a w ocenianiu do\u017cynkowych wie\u0144c\u00f3w, przygl\u0105daj\u0105c si\u0119 misternie wykonanym pracom<\/p>\n\n\n\n<p> i rozmawiaj\u0105c z ich autorami. Jej obecno\u015b\u0107 nada\u0142a wydarzeniu wyj\u0105tkowej rangi i pokaza\u0142a, \u017ce tradycja mo\u017ce i\u015b\u0107 w parze z nowoczesnym stylem.<\/p>\n","protected":false},"excerpt":{"rendered":"<p>Podczas sobotnich do\u017cynek prezydenckich wszystkie spojrzenia kierowa\u0142y si\u0119 na Mart\u0119 Nawrock\u0105. Pierwsza Dama pojawi\u0142a si\u0119 na konkursie na najpi\u0119kniejszy wieniec do\u017cynkowy w odwa\u017cnej, a zarazem eleganckiej stylizacji \u2013 r\u00f3\u017cowym garniturze, kt\u00f3ry podkre\u015bla\u0142 jej klas\u0119 i wyczucie trend\u00f3w. Monochromatyczny komplet uzupe\u0142ni\u0142y jasne szpilki, a ca\u0142o\u015b\u0107 przyci\u0105ga\u0142a uwag\u0119 zar\u00f3wno go\u015bci, jak i fotoreporter\u00f3w. Stylizacja Marty Nawrockiej od &#8230; <a title=\"Pierwsza Dama w centrum uwagi. Marta Nawrocka zachwyca w r\u00f3\u017cu i ocenia wie\u0144ce na do\u017cynkach prezydenckich\" class=\"read-more\" href=\"https:\/\/dobrezrodla.com\/?p=4369\" aria-label=\"Read more about Pierwsza Dama w centrum uwagi. Marta Nawrocka zachwyca w r\u00f3\u017cu i ocenia wie\u0144ce na do\u017cynkach prezydenckich\">Read more<\/a><\/p>\n","protected":false},"author":1,"featured_media":4370,"comment_status":"open","ping_status":"open","sticky":false,"template":"","format":"standard","meta":{"footnotes":""},"categories":[1],"tags":[],"class_list":["post-4369","post","type-post","status-publish","format-standard","has-post-thumbnail","hentry","category-uncategorized"],"_links":{"self":[{"href":"https:\/\/dobrezrodla.com\/index.php?rest_route=\/wp\/v2\/posts\/4369","targetHints":{"allow":["GET"]}}],"collection":[{"href":"https:\/\/dobrezrodla.com\/index.php?rest_route=\/wp\/v2\/posts"}],"about":[{"href":"https:\/\/dobrezrodla.com\/index.php?rest_route=\/wp\/v2\/types\/post"}],"author":[{"embeddable":true,"href":"https:\/\/dobrezrodla.com\/index.php?rest_route=\/wp\/v2\/users\/1"}],"replies":[{"embeddable":true,"href":"https:\/\/dobrezrodla.com\/index.php?rest_route=%2Fwp%2Fv2%2Fcomments&post=4369"}],"version-history":[{"count":1,"href":"https:\/\/dobrezrodla.com\/index.php?rest_route=\/wp\/v2\/posts\/4369\/revisions"}],"predecessor-version":[{"id":4371,"href":"https:\/\/dobrezrodla.com\/index.php?rest_route=\/wp\/v2\/posts\/4369\/revisions\/4371"}],"wp:featuredmedia":[{"embeddable":true,"href":"https:\/\/dobrezrodla.com\/index.php?rest_route=\/wp\/v2\/media\/4370"}],"wp:attachment":[{"href":"https:\/\/dobrezrodla.com\/index.php?rest_route=%2Fwp%2Fv2%2Fmedia&parent=4369"}],"wp:term":[{"taxonomy":"category","embeddable":true,"href":"https:\/\/dobrezrodla.com\/index.php?rest_route=%2Fwp%2Fv2%2Fcategories&post=4369"},{"taxonomy":"post_tag","embeddable":true,"href":"https:\/\/dobrezrodla.com\/index.php?rest_route=%2Fwp%2Fv2%2Ftags&post=4369"}],"curies":[{"name":"wp","href":"https:\/\/api.w.org\/{rel}","templated":true}]}}