{"id":4404,"date":"2025-09-16T19:06:09","date_gmt":"2025-09-16T19:06:09","guid":{"rendered":"https:\/\/dobrezrodla.com\/?p=4404"},"modified":"2025-09-16T19:06:10","modified_gmt":"2025-09-16T19:06:10","slug":"sikorski-ostro-o-incydencie-w-wyrykach-jasno-wskazal-winnych-i-nie-przebieral-w-slowach","status":"publish","type":"post","link":"https:\/\/dobrezrodla.com\/?p=4404","title":{"rendered":"Sikorski ostro o incydencie w Wyrykach. Jasno wskaza\u0142 winnych i nie przebiera\u0142 w s\u0142owach"},"content":{"rendered":"\n<p>Wicepremier i szef polskiej dyplomacji Rados\u0142aw Sikorski skomentowa\u0142 kontrowersyjny incydent w Wyrykach, gdzie uszkodzony zosta\u0142 budynek mieszkalny.<\/p>\n\n\n\n<p> W swoim wpisie na platformie X nie pozostawi\u0142 w\u0105tpliwo\u015bci: \u201eMoja definicja ruskiej onucy to kto\u015b, kto pr\u00f3buje z Rosji zdj\u0105\u0107 odpowiedzialno\u015b\u0107 za skutki prowokacji dronowej przeciwko Polsce\u201d \u2013 napisa\u0142 stanowczo.<\/p>\n\n\n\n<p>Sikorski nie by\u0142 jedynym, kt\u00f3ry zabra\u0142 g\u0142os. Premier Donald Tusk r\u00f3wnie\u017c odni\u00f3s\u0142 si\u0119 do sprawy, broni\u0105c polskich \u017co\u0142nierzy. \u201e\u0141apy precz od polskich \u017co\u0142nierzy\u201d \u2013 napisa\u0142, dodaj\u0105c, \u017ce pe\u0142n\u0105 odpowiedzialno\u015b\u0107 za incydent ponosi Rosja. <\/p>\n\n\n\n<p>Zapewni\u0142 tak\u017ce, \u017ce po zako\u0144czeniu post\u0119powania opinia publiczna zostanie poinformowana o wszystkich okoliczno\u015bciach zdarzenia.<\/p>\n\n\n\n<p>Prezydent Karol Nawrocki r\u00f3wnie\u017c domaga si\u0119 natychmiastowych wyja\u015bnie\u0144 od rz\u0105du. Jak napisa\u0142 na platformie X, <\/p>\n\n\n\n<p>\u201eniezw\u0142ocznie po wyl\u0105dowaniu oczekuje od premiera i polskiego rz\u0105du pe\u0142nej informacji na temat zdarzenia w Wyrykach\u201d.<\/p>\n\n\n\n<p>Tymczasem media donosz\u0105, \u017ce uszkodzenie domu mog\u0142o by\u0107 wynikiem upadku szcz\u0105tk\u00f3w rakiety wystrzelonej przez polski F-16.<\/p>\n\n\n\n<p> Rakieta, kt\u00f3ra mia\u0142a zniszczy\u0107 nadlatuj\u0105cego drona, prawdopodobnie uleg\u0142a awarii i spad\u0142a na budynek bez eksplozji.<\/p>\n\n\n\n<p>Spraw\u0119 bada ju\u017c Wydzia\u0142 do Spraw Wojskowych Prokuratury Okr\u0119gowej w Lublinie. Biuro Bezpiecze\u0144stwa Narodowego poinformowa\u0142o, \u017ce prezydent nie zosta\u0142 wcze\u015bniej poinformowany o incydencie, co dodatkowo zaostrzy\u0142o napi\u0119cie.<\/p>\n","protected":false},"excerpt":{"rendered":"<p>Wicepremier i szef polskiej dyplomacji Rados\u0142aw Sikorski skomentowa\u0142 kontrowersyjny incydent w Wyrykach, gdzie uszkodzony zosta\u0142 budynek mieszkalny. W swoim wpisie na platformie X nie pozostawi\u0142 w\u0105tpliwo\u015bci: \u201eMoja definicja ruskiej onucy to kto\u015b, kto pr\u00f3buje z Rosji zdj\u0105\u0107 odpowiedzialno\u015b\u0107 za skutki prowokacji dronowej przeciwko Polsce\u201d \u2013 napisa\u0142 stanowczo. Sikorski nie by\u0142 jedynym, kt\u00f3ry zabra\u0142 g\u0142os. Premier &#8230; <a title=\"Sikorski ostro o incydencie w Wyrykach. Jasno wskaza\u0142 winnych i nie przebiera\u0142 w s\u0142owach\" class=\"read-more\" href=\"https:\/\/dobrezrodla.com\/?p=4404\" aria-label=\"Read more about Sikorski ostro o incydencie w Wyrykach. Jasno wskaza\u0142 winnych i nie przebiera\u0142 w s\u0142owach\">Read more<\/a><\/p>\n","protected":false},"author":1,"featured_media":4405,"comment_status":"open","ping_status":"open","sticky":false,"template":"","format":"standard","meta":{"footnotes":""},"categories":[1],"tags":[],"class_list":["post-4404","post","type-post","status-publish","format-standard","has-post-thumbnail","hentry","category-uncategorized"],"_links":{"self":[{"href":"https:\/\/dobrezrodla.com\/index.php?rest_route=\/wp\/v2\/posts\/4404","targetHints":{"allow":["GET"]}}],"collection":[{"href":"https:\/\/dobrezrodla.com\/index.php?rest_route=\/wp\/v2\/posts"}],"about":[{"href":"https:\/\/dobrezrodla.com\/index.php?rest_route=\/wp\/v2\/types\/post"}],"author":[{"embeddable":true,"href":"https:\/\/dobrezrodla.com\/index.php?rest_route=\/wp\/v2\/users\/1"}],"replies":[{"embeddable":true,"href":"https:\/\/dobrezrodla.com\/index.php?rest_route=%2Fwp%2Fv2%2Fcomments&post=4404"}],"version-history":[{"count":1,"href":"https:\/\/dobrezrodla.com\/index.php?rest_route=\/wp\/v2\/posts\/4404\/revisions"}],"predecessor-version":[{"id":4406,"href":"https:\/\/dobrezrodla.com\/index.php?rest_route=\/wp\/v2\/posts\/4404\/revisions\/4406"}],"wp:featuredmedia":[{"embeddable":true,"href":"https:\/\/dobrezrodla.com\/index.php?rest_route=\/wp\/v2\/media\/4405"}],"wp:attachment":[{"href":"https:\/\/dobrezrodla.com\/index.php?rest_route=%2Fwp%2Fv2%2Fmedia&parent=4404"}],"wp:term":[{"taxonomy":"category","embeddable":true,"href":"https:\/\/dobrezrodla.com\/index.php?rest_route=%2Fwp%2Fv2%2Fcategories&post=4404"},{"taxonomy":"post_tag","embeddable":true,"href":"https:\/\/dobrezrodla.com\/index.php?rest_route=%2Fwp%2Fv2%2Ftags&post=4404"}],"curies":[{"name":"wp","href":"https:\/\/api.w.org\/{rel}","templated":true}]}}