{"id":4432,"date":"2025-09-16T19:11:27","date_gmt":"2025-09-16T19:11:27","guid":{"rendered":"https:\/\/dobrezrodla.com\/?p=4432"},"modified":"2025-09-16T19:11:27","modified_gmt":"2025-09-16T19:11:27","slug":"zimny-prysznic-w-berlinie-niemcy-twardo-odpowiadaja-nawrockiemu-w-sprawie-reparacji","status":"publish","type":"post","link":"https:\/\/dobrezrodla.com\/?p=4432","title":{"rendered":"Zimny prysznic w Berlinie! Niemcy twardo odpowiadaj\u0105 Nawrockiemu w sprawie reparacji"},"content":{"rendered":"\n<p>Podczas wizyty prezydenta Karola Nawrockiego w Berlinie pad\u0142y jednoznaczne s\u0142owa ze strony niemieckiego przyw\u00f3dcy. <\/p>\n\n\n\n<p>Na pytanie o reparacje wojenne, prezydent Frank-Walter Steinmeier jasno zaznaczy\u0142: \u201eZ niemieckiej perspektywy kwestia ta zosta\u0142a prawnie ostatecznie rozstrzygni\u0119ta\u201d \u2013 przekaza\u0142a jego rzeczniczka Cerstin Gammelin na portalu X.<\/p>\n\n\n\n<p>To stanowisko powtarza linia niemieckiego rz\u0105du, kt\u00f3ry od lat odmawia podj\u0119cia rozm\u00f3w o odszkodowaniach za zniszczenia i zbrodnie z czas\u00f3w II wojny \u015bwiatowej. <\/p>\n\n\n\n<p>Cho\u0107 Nawrocki pr\u00f3bowa\u0142 otworzy\u0107 \u201ekonstruktywn\u0105 debat\u0119\u201d, odpowied\u017a Berlina by\u0142a jednoznaczna.<\/p>\n\n\n\n<p>Obie strony zgodzi\u0142y si\u0119 natomiast co do potrzeby dalszego wsparcia dla Ukrainy oraz wzmocnienia wschodniej flanki NATO. <\/p>\n\n\n\n<p>Steinmeier zaakceptowa\u0142 zaproszenie do z\u0142o\u017cenia wizyty w Warszawie.<\/p>\n\n\n\n<p>Podczas wizyty w Berlinie polski prezydent spotka\u0142 si\u0119 tak\u017ce z kanclerzem Friedrichem Merzem. Towarzyszyli mu m.in. minister Marcin Przydacz i wiceminister spraw zagranicznych W\u0142adys\u0142aw Teofil Bartoszewski.<\/p>\n\n\n\n<p>W\u015br\u00f3d temat\u00f3w rozm\u00f3w: bezpiecze\u0144stwo, relacje transatlantyckie, UE oraz stosunki polsko-niemieckie. Po wizycie w Niemczech Nawrocki uda\u0142 si\u0119 do Pary\u017ca na spotkanie z Emmanuelem Macronem.<\/p>\n","protected":false},"excerpt":{"rendered":"<p>Podczas wizyty prezydenta Karola Nawrockiego w Berlinie pad\u0142y jednoznaczne s\u0142owa ze strony niemieckiego przyw\u00f3dcy. Na pytanie o reparacje wojenne, prezydent Frank-Walter Steinmeier jasno zaznaczy\u0142: \u201eZ niemieckiej perspektywy kwestia ta zosta\u0142a prawnie ostatecznie rozstrzygni\u0119ta\u201d \u2013 przekaza\u0142a jego rzeczniczka Cerstin Gammelin na portalu X. To stanowisko powtarza linia niemieckiego rz\u0105du, kt\u00f3ry od lat odmawia podj\u0119cia rozm\u00f3w o &#8230; <a title=\"Zimny prysznic w Berlinie! Niemcy twardo odpowiadaj\u0105 Nawrockiemu w sprawie reparacji\" class=\"read-more\" href=\"https:\/\/dobrezrodla.com\/?p=4432\" aria-label=\"Read more about Zimny prysznic w Berlinie! Niemcy twardo odpowiadaj\u0105 Nawrockiemu w sprawie reparacji\">Read more<\/a><\/p>\n","protected":false},"author":1,"featured_media":4433,"comment_status":"open","ping_status":"open","sticky":false,"template":"","format":"standard","meta":{"footnotes":""},"categories":[1],"tags":[],"class_list":["post-4432","post","type-post","status-publish","format-standard","has-post-thumbnail","hentry","category-uncategorized"],"_links":{"self":[{"href":"https:\/\/dobrezrodla.com\/index.php?rest_route=\/wp\/v2\/posts\/4432","targetHints":{"allow":["GET"]}}],"collection":[{"href":"https:\/\/dobrezrodla.com\/index.php?rest_route=\/wp\/v2\/posts"}],"about":[{"href":"https:\/\/dobrezrodla.com\/index.php?rest_route=\/wp\/v2\/types\/post"}],"author":[{"embeddable":true,"href":"https:\/\/dobrezrodla.com\/index.php?rest_route=\/wp\/v2\/users\/1"}],"replies":[{"embeddable":true,"href":"https:\/\/dobrezrodla.com\/index.php?rest_route=%2Fwp%2Fv2%2Fcomments&post=4432"}],"version-history":[{"count":1,"href":"https:\/\/dobrezrodla.com\/index.php?rest_route=\/wp\/v2\/posts\/4432\/revisions"}],"predecessor-version":[{"id":4434,"href":"https:\/\/dobrezrodla.com\/index.php?rest_route=\/wp\/v2\/posts\/4432\/revisions\/4434"}],"wp:featuredmedia":[{"embeddable":true,"href":"https:\/\/dobrezrodla.com\/index.php?rest_route=\/wp\/v2\/media\/4433"}],"wp:attachment":[{"href":"https:\/\/dobrezrodla.com\/index.php?rest_route=%2Fwp%2Fv2%2Fmedia&parent=4432"}],"wp:term":[{"taxonomy":"category","embeddable":true,"href":"https:\/\/dobrezrodla.com\/index.php?rest_route=%2Fwp%2Fv2%2Fcategories&post=4432"},{"taxonomy":"post_tag","embeddable":true,"href":"https:\/\/dobrezrodla.com\/index.php?rest_route=%2Fwp%2Fv2%2Ftags&post=4432"}],"curies":[{"name":"wp","href":"https:\/\/api.w.org\/{rel}","templated":true}]}}