{"id":4441,"date":"2025-09-16T19:13:05","date_gmt":"2025-09-16T19:13:05","guid":{"rendered":"https:\/\/dobrezrodla.com\/?p=4441"},"modified":"2025-09-16T19:13:06","modified_gmt":"2025-09-16T19:13:06","slug":"moralne-mocarstwo-czy-polityczna-obluda-niemcy-mowia-nie-ale-polska-nie-zamierza-milczec-ekspert-miazdzy-niemieckie-argumenty-ws-reparacji","status":"publish","type":"post","link":"https:\/\/dobrezrodla.com\/?p=4441","title":{"rendered":"\u201eMoralne mocarstwo\u201d czy polityczna ob\u0142uda? Niemcy m\u00f3wi\u0105 \u201enie\u201d, ale Polska nie zamierza milcze\u0107. Ekspert mia\u017cd\u017cy niemieckie argumenty ws. reparacji"},"content":{"rendered":"\n<p>Cho\u0107 Niemcy twardo twierdz\u0105, \u017ce sprawa reparacji wojennych jest prawnie zamkni\u0119ta, temat ten wci\u0105\u017c wraca \u2013 i budzi ogromne emocje. <\/p>\n\n\n\n<p>Prezydent Karol Nawrocki, kt\u00f3ry poruszy\u0142 go podczas swojej wizyty w Berlinie, zosta\u0142 ju\u017c nazwany \u201epos\u0142a\u0144cem ze starym rachunkiem\u201d przez niemieck\u0105 pras\u0119. <\/p>\n\n\n\n<p>Ale \u2013 jak m\u00f3wi prof. Stanis\u0142aw \u017berko w rozmowie z WP \u2013 <strong>milczenie w tej sprawie by\u0142oby aktem kapitulacji moralnej<\/strong>.<\/p>\n\n\n\n<p>\u2013 <strong>Niemcy ch\u0119tnie m\u00f3wi\u0105 o warto\u015bciach i pojednaniu, ale od dekad stosuj\u0105 sztuczki prawne, by unikn\u0105\u0107 odpowiedzialno\u015bci finansowej wobec Polski<\/strong> <\/p>\n\n\n\n<p>\u2013 twierdzi prof. \u017berko. Jego zdaniem powo\u0142ywanie si\u0119 przez Berlin na deklaracj\u0119 rz\u0105du Bieruta z 1953 roku to \u201edyplomatyczne szalbierstwo\u201d. Rz\u0105d PRL by\u0142 przecie\u017c marionetk\u0105 Moskwy, a rezygnacja z reparacji mia\u0142a s\u0142u\u017cy\u0107 interesom ZSRR, nie Polski.<\/p>\n\n\n\n<p>Ekspert ostro nazywa niemieckie podej\u015bcie \u201e<strong>przyk\u0142adem hipokryzji i ob\u0142udy<\/strong>\u201d, wskazuj\u0105c, \u017ce mimo pi\u0119knych przem\u00f3wie\u0144 i gest\u00f3w, <strong>miliony polskich ofiar II wojny \u015bwiatowej nigdy nie doczeka\u0142y si\u0119 realnego zado\u015b\u0107uczynienia<\/strong>. <\/p>\n\n\n\n<p>Co wi\u0119cej, wielu Niemc\u00f3w wci\u0105\u017c nie zna skali niemieckich zbrodni w Polsce \u2013 temat ten niemal nie istnieje w niemieckich podr\u0119cznikach historii.<\/p>\n\n\n\n<p>Cho\u0107 szanse na prawne uzyskanie reparacji s\u0105 dzi\u015b bliskie zeru, prof. \u017berko uwa\u017ca, \u017ce <strong>Polska powinna konsekwentnie przypomina\u0107 o d\u0142ugu odszkodowawczym Niemiec<\/strong>, cho\u0107by dla edukacji mi\u0119dzynarodowej opinii publicznej i zachowania prawdy historycznej.<\/p>\n\n\n\n<p>\u2013 <strong>Nie mo\u017cemy pozwoli\u0107, by polska krzywda zosta\u0142a zakopana pod niemieckim samozadowoleniem<\/strong> \u2013 m\u00f3wi wprost. Jako przyk\u0142ad brutalnej niesprawiedliwo\u015bci wskazuje przypadek Winicjusza Natoniewskiego \u2013 ocala\u0142ego z niemieckiej pacyfikacji wsi, kt\u00f3ry nie otrzyma\u0142 ani grosza, bo\u2026 nie pasowa\u0142 do \u017cadnej \u201ekategorii\u201d niemieckich ofiar.<\/p>\n","protected":false},"excerpt":{"rendered":"<p>Cho\u0107 Niemcy twardo twierdz\u0105, \u017ce sprawa reparacji wojennych jest prawnie zamkni\u0119ta, temat ten wci\u0105\u017c wraca \u2013 i budzi ogromne emocje. Prezydent Karol Nawrocki, kt\u00f3ry poruszy\u0142 go podczas swojej wizyty w Berlinie, zosta\u0142 ju\u017c nazwany \u201epos\u0142a\u0144cem ze starym rachunkiem\u201d przez niemieck\u0105 pras\u0119. Ale \u2013 jak m\u00f3wi prof. Stanis\u0142aw \u017berko w rozmowie z WP \u2013 milczenie w &#8230; <a title=\"\u201eMoralne mocarstwo\u201d czy polityczna ob\u0142uda? Niemcy m\u00f3wi\u0105 \u201enie\u201d, ale Polska nie zamierza milcze\u0107. Ekspert mia\u017cd\u017cy niemieckie argumenty ws. reparacji\" class=\"read-more\" href=\"https:\/\/dobrezrodla.com\/?p=4441\" aria-label=\"Read more about \u201eMoralne mocarstwo\u201d czy polityczna ob\u0142uda? Niemcy m\u00f3wi\u0105 \u201enie\u201d, ale Polska nie zamierza milcze\u0107. Ekspert mia\u017cd\u017cy niemieckie argumenty ws. reparacji\">Read more<\/a><\/p>\n","protected":false},"author":1,"featured_media":4442,"comment_status":"open","ping_status":"open","sticky":false,"template":"","format":"standard","meta":{"footnotes":""},"categories":[1],"tags":[],"class_list":["post-4441","post","type-post","status-publish","format-standard","has-post-thumbnail","hentry","category-uncategorized"],"_links":{"self":[{"href":"https:\/\/dobrezrodla.com\/index.php?rest_route=\/wp\/v2\/posts\/4441","targetHints":{"allow":["GET"]}}],"collection":[{"href":"https:\/\/dobrezrodla.com\/index.php?rest_route=\/wp\/v2\/posts"}],"about":[{"href":"https:\/\/dobrezrodla.com\/index.php?rest_route=\/wp\/v2\/types\/post"}],"author":[{"embeddable":true,"href":"https:\/\/dobrezrodla.com\/index.php?rest_route=\/wp\/v2\/users\/1"}],"replies":[{"embeddable":true,"href":"https:\/\/dobrezrodla.com\/index.php?rest_route=%2Fwp%2Fv2%2Fcomments&post=4441"}],"version-history":[{"count":1,"href":"https:\/\/dobrezrodla.com\/index.php?rest_route=\/wp\/v2\/posts\/4441\/revisions"}],"predecessor-version":[{"id":4443,"href":"https:\/\/dobrezrodla.com\/index.php?rest_route=\/wp\/v2\/posts\/4441\/revisions\/4443"}],"wp:featuredmedia":[{"embeddable":true,"href":"https:\/\/dobrezrodla.com\/index.php?rest_route=\/wp\/v2\/media\/4442"}],"wp:attachment":[{"href":"https:\/\/dobrezrodla.com\/index.php?rest_route=%2Fwp%2Fv2%2Fmedia&parent=4441"}],"wp:term":[{"taxonomy":"category","embeddable":true,"href":"https:\/\/dobrezrodla.com\/index.php?rest_route=%2Fwp%2Fv2%2Fcategories&post=4441"},{"taxonomy":"post_tag","embeddable":true,"href":"https:\/\/dobrezrodla.com\/index.php?rest_route=%2Fwp%2Fv2%2Ftags&post=4441"}],"curies":[{"name":"wp","href":"https:\/\/api.w.org\/{rel}","templated":true}]}}