{"id":4444,"date":"2025-09-16T19:13:42","date_gmt":"2025-09-16T19:13:42","guid":{"rendered":"https:\/\/dobrezrodla.com\/?p=4444"},"modified":"2025-09-16T19:13:42","modified_gmt":"2025-09-16T19:13:42","slug":"ralph-kaminski-zaskakuje-wyznaniem-marzy-o-ojcostwie-nie-wiem-czy-los-da-link-w-komentarzu","status":"publish","type":"post","link":"https:\/\/dobrezrodla.com\/?p=4444","title":{"rendered":"Ralph Kaminski zaskakuje wyznaniem! Marzy o ojcostwie: \u201eNie wiem, czy los da\u2026\u201d link w komentarzu"},"content":{"rendered":"\n<p>Ralph Kaminski \u2013 jeden z najbardziej wyrazistych artyst\u00f3w polskiej sceny \u2013 ods\u0142oni\u0142 nieznan\u0105 dot\u0105d stron\u0119 swojej osobowo\u015bci.<\/p>\n\n\n\n<p> W rozmowie z Plejad\u0105 zdradzi\u0142, \u017ce odk\u0105d zosta\u0142 wujkiem ma\u0142ego Stefana, coraz mocniej dojrzewa w nim pragnienie\u2026 ojcostwa.<\/p>\n\n\n\n<p>\u2013 \u201eJaram si\u0119, \u017ce w naszej rodzinie pojawi\u0142 si\u0119 Stefan. Jakby przydarzy\u0142o mi si\u0119 by\u0107 ojcem, to chcia\u0142bym bardzo. Ale nie wiem, czy los da&#8230;\u201d \u2013 powiedzia\u0142 szczerze wokalista.<\/p>\n\n\n\n<p>Artysta, znany z niebanalnych stylizacji i bezkompromisowej tw\u00f3rczo\u015bci, m\u00f3wi dzi\u015b otwarcie, \u017ce dzieci to nie ucieczka od problem\u00f3w, a ogromna <\/p>\n\n\n\n<p>odpowiedzialno\u015b\u0107. \u2013 \u201eTo nie jest spos\u00f3b na naprawianie swoich traum. To decyzja, kt\u00f3ra wymaga dojrza\u0142o\u015bci\u201d \u2013 doda\u0142.<\/p>\n\n\n\n<p>Czy Ralph Kaminski faktycznie zdecyduje si\u0119 na ten krok? Jedno jest pewne \u2013 fani ju\u017c teraz nie mog\u0105 si\u0119 doczeka\u0107, jak\u0105 histori\u0119 dopisze do swojej niezwyk\u0142ej kariery.<\/p>\n","protected":false},"excerpt":{"rendered":"<p>Ralph Kaminski \u2013 jeden z najbardziej wyrazistych artyst\u00f3w polskiej sceny \u2013 ods\u0142oni\u0142 nieznan\u0105 dot\u0105d stron\u0119 swojej osobowo\u015bci. W rozmowie z Plejad\u0105 zdradzi\u0142, \u017ce odk\u0105d zosta\u0142 wujkiem ma\u0142ego Stefana, coraz mocniej dojrzewa w nim pragnienie\u2026 ojcostwa. \u2013 \u201eJaram si\u0119, \u017ce w naszej rodzinie pojawi\u0142 si\u0119 Stefan. Jakby przydarzy\u0142o mi si\u0119 by\u0107 ojcem, to chcia\u0142bym bardzo. Ale &#8230; <a title=\"Ralph Kaminski zaskakuje wyznaniem! Marzy o ojcostwie: \u201eNie wiem, czy los da\u2026\u201d link w komentarzu\" class=\"read-more\" href=\"https:\/\/dobrezrodla.com\/?p=4444\" aria-label=\"Read more about Ralph Kaminski zaskakuje wyznaniem! Marzy o ojcostwie: \u201eNie wiem, czy los da\u2026\u201d link w komentarzu\">Read more<\/a><\/p>\n","protected":false},"author":1,"featured_media":4445,"comment_status":"open","ping_status":"open","sticky":false,"template":"","format":"standard","meta":{"footnotes":""},"categories":[1],"tags":[],"class_list":["post-4444","post","type-post","status-publish","format-standard","has-post-thumbnail","hentry","category-uncategorized"],"_links":{"self":[{"href":"https:\/\/dobrezrodla.com\/index.php?rest_route=\/wp\/v2\/posts\/4444","targetHints":{"allow":["GET"]}}],"collection":[{"href":"https:\/\/dobrezrodla.com\/index.php?rest_route=\/wp\/v2\/posts"}],"about":[{"href":"https:\/\/dobrezrodla.com\/index.php?rest_route=\/wp\/v2\/types\/post"}],"author":[{"embeddable":true,"href":"https:\/\/dobrezrodla.com\/index.php?rest_route=\/wp\/v2\/users\/1"}],"replies":[{"embeddable":true,"href":"https:\/\/dobrezrodla.com\/index.php?rest_route=%2Fwp%2Fv2%2Fcomments&post=4444"}],"version-history":[{"count":1,"href":"https:\/\/dobrezrodla.com\/index.php?rest_route=\/wp\/v2\/posts\/4444\/revisions"}],"predecessor-version":[{"id":4446,"href":"https:\/\/dobrezrodla.com\/index.php?rest_route=\/wp\/v2\/posts\/4444\/revisions\/4446"}],"wp:featuredmedia":[{"embeddable":true,"href":"https:\/\/dobrezrodla.com\/index.php?rest_route=\/wp\/v2\/media\/4445"}],"wp:attachment":[{"href":"https:\/\/dobrezrodla.com\/index.php?rest_route=%2Fwp%2Fv2%2Fmedia&parent=4444"}],"wp:term":[{"taxonomy":"category","embeddable":true,"href":"https:\/\/dobrezrodla.com\/index.php?rest_route=%2Fwp%2Fv2%2Fcategories&post=4444"},{"taxonomy":"post_tag","embeddable":true,"href":"https:\/\/dobrezrodla.com\/index.php?rest_route=%2Fwp%2Fv2%2Ftags&post=4444"}],"curies":[{"name":"wp","href":"https:\/\/api.w.org\/{rel}","templated":true}]}}