{"id":4453,"date":"2025-09-16T19:15:44","date_gmt":"2025-09-16T19:15:44","guid":{"rendered":"https:\/\/dobrezrodla.com\/?p=4453"},"modified":"2025-09-16T19:15:45","modified_gmt":"2025-09-16T19:15:45","slug":"ostrzelany-samochod-polskiego-europosla-w-brukseli-buda-mowi-o-zamachu-sledztwo-trwa-link-w-komentarzu","status":"publish","type":"post","link":"https:\/\/dobrezrodla.com\/?p=4453","title":{"rendered":"Ostrzelany samoch\u00f3d polskiego europos\u0142a w Brukseli?! Buda m\u00f3wi o zamachu, \u015bledztwo trwa\u2026 link w komentarzu"},"content":{"rendered":"\n<p>Waldemar Buda, europose\u0142 PiS, poinformowa\u0142 w poniedzia\u0142ek, \u017ce jego samoch\u00f3d zosta\u0142 <strong>ostrzelany z broni pneumatycznej<\/strong> w dzielnicy Saint-Gilles w Brukseli. <\/p>\n\n\n\n<p>Zdaniem Budy, uszkodzenia wskazuj\u0105 na <strong>\u201e9 precyzyjnych strza\u0142\u00f3w\u201d<\/strong>, co ma sugerowa\u0107 <strong>zaplanowany atak<\/strong>. Na szcz\u0119\u015bcie polityk nie przebywa\u0142 wtedy w aucie.<\/p>\n\n\n\n<p>Belgijska policja i prokuratura wszcz\u0119\u0142y dochodzenie, ale na razie nie przes\u0105dzaj\u0105, czy rzeczywi\u015bcie dosz\u0142o do ostrzelania. <\/p>\n\n\n\n<p><strong>Kluczowym problemem jest brak samochodu na miejscu zdarzenia<\/strong> \u2013 pojazd wr\u00f3ci\u0142 ju\u017c do Polski, a \u015bledczy dysponuj\u0105 jedynie dokumentacj\u0105 fotograficzn\u0105.<\/p>\n\n\n\n<p>\u2013 \u201eNie jest jasne, czy uszkodzenia zosta\u0142y spowodowane pociskami, czy innym przedmiotem\u201d \u2013 poinformowa\u0142a policja z dzielnicy Ixelles.<\/p>\n\n\n\n<p>\u015aledztwo trwa, a Buda nie ukrywa, \u017ce sprawa ma dla niego znamiona celowego dzia\u0142ania. W mediach spo\u0142eczno\u015bciowych podzi\u0119kowa\u0142 za s\u0142owa wsparcia i podkre\u015bli\u0142, \u017ce liczy na <strong>rzetelne ustalenia belgijskich s\u0142u\u017cb<\/strong>.<\/p>\n","protected":false},"excerpt":{"rendered":"<p>Waldemar Buda, europose\u0142 PiS, poinformowa\u0142 w poniedzia\u0142ek, \u017ce jego samoch\u00f3d zosta\u0142 ostrzelany z broni pneumatycznej w dzielnicy Saint-Gilles w Brukseli. Zdaniem Budy, uszkodzenia wskazuj\u0105 na \u201e9 precyzyjnych strza\u0142\u00f3w\u201d, co ma sugerowa\u0107 zaplanowany atak. Na szcz\u0119\u015bcie polityk nie przebywa\u0142 wtedy w aucie. Belgijska policja i prokuratura wszcz\u0119\u0142y dochodzenie, ale na razie nie przes\u0105dzaj\u0105, czy rzeczywi\u015bcie dosz\u0142o &#8230; <a title=\"Ostrzelany samoch\u00f3d polskiego europos\u0142a w Brukseli?! Buda m\u00f3wi o zamachu, \u015bledztwo trwa\u2026 link w komentarzu\" class=\"read-more\" href=\"https:\/\/dobrezrodla.com\/?p=4453\" aria-label=\"Read more about Ostrzelany samoch\u00f3d polskiego europos\u0142a w Brukseli?! Buda m\u00f3wi o zamachu, \u015bledztwo trwa\u2026 link w komentarzu\">Read more<\/a><\/p>\n","protected":false},"author":1,"featured_media":4454,"comment_status":"open","ping_status":"open","sticky":false,"template":"","format":"standard","meta":{"footnotes":""},"categories":[1],"tags":[],"class_list":["post-4453","post","type-post","status-publish","format-standard","has-post-thumbnail","hentry","category-uncategorized"],"_links":{"self":[{"href":"https:\/\/dobrezrodla.com\/index.php?rest_route=\/wp\/v2\/posts\/4453","targetHints":{"allow":["GET"]}}],"collection":[{"href":"https:\/\/dobrezrodla.com\/index.php?rest_route=\/wp\/v2\/posts"}],"about":[{"href":"https:\/\/dobrezrodla.com\/index.php?rest_route=\/wp\/v2\/types\/post"}],"author":[{"embeddable":true,"href":"https:\/\/dobrezrodla.com\/index.php?rest_route=\/wp\/v2\/users\/1"}],"replies":[{"embeddable":true,"href":"https:\/\/dobrezrodla.com\/index.php?rest_route=%2Fwp%2Fv2%2Fcomments&post=4453"}],"version-history":[{"count":1,"href":"https:\/\/dobrezrodla.com\/index.php?rest_route=\/wp\/v2\/posts\/4453\/revisions"}],"predecessor-version":[{"id":4455,"href":"https:\/\/dobrezrodla.com\/index.php?rest_route=\/wp\/v2\/posts\/4453\/revisions\/4455"}],"wp:featuredmedia":[{"embeddable":true,"href":"https:\/\/dobrezrodla.com\/index.php?rest_route=\/wp\/v2\/media\/4454"}],"wp:attachment":[{"href":"https:\/\/dobrezrodla.com\/index.php?rest_route=%2Fwp%2Fv2%2Fmedia&parent=4453"}],"wp:term":[{"taxonomy":"category","embeddable":true,"href":"https:\/\/dobrezrodla.com\/index.php?rest_route=%2Fwp%2Fv2%2Fcategories&post=4453"},{"taxonomy":"post_tag","embeddable":true,"href":"https:\/\/dobrezrodla.com\/index.php?rest_route=%2Fwp%2Fv2%2Ftags&post=4453"}],"curies":[{"name":"wp","href":"https:\/\/api.w.org\/{rel}","templated":true}]}}