{"id":4481,"date":"2025-09-17T19:28:14","date_gmt":"2025-09-17T19:28:14","guid":{"rendered":"https:\/\/dobrezrodla.com\/?p=4481"},"modified":"2025-09-17T19:28:14","modified_gmt":"2025-09-17T19:28:14","slug":"niemcy-dobitnie-odpowiadaja-nawrockiemu-reparacje-temat-zamkniety","status":"publish","type":"post","link":"https:\/\/dobrezrodla.com\/?p=4481","title":{"rendered":"Niemcy dobitnie odpowiadaj\u0105 Nawrockiemu. \u201eReparacje? Temat zamkni\u0119ty\u201d"},"content":{"rendered":"\n<p>\u202f<br>Podczas wizyty w Berlinie prezydent Karol Nawrocki poruszy\u0142 temat reparacji wojennych od Niemiec. Spotka\u0142 si\u0119 z wyra\u017anym i jednoznacznym stanowiskiem ze strony prezydenta RFN.<\/p>\n\n\n\n<p>Jak przekaza\u0142a rzeczniczka Franka-Waltera Steinmeiera, Niemcy uwa\u017caj\u0105 spraw\u0119 reparacji za \u201eprawnie ostatecznie rozstrzygni\u0119t\u0105\u201d. To potwierdzenie dotychczasowej linii Berlina.<\/p>\n\n\n\n<p>Steinmeier mia\u0142 jednocze\u015bnie zaznaczy\u0107, \u017ce wsp\u00f3lne upami\u0119tnienie trudnej historii pozostaje wa\u017cnym elementem relacji polsko-niemieckich. Temat przesz\u0142o\u015bci nie znika, ale nie b\u0119dzie podstaw\u0105 \u017c\u0105da\u0144 finansowych.<\/p>\n\n\n\n<p>Obaj przyw\u00f3dcy om\u00f3wili r\u00f3wnie\u017c kwestie bezpiecze\u0144stwa w Europie i rosyjsk\u0105 agresj\u0119 na Ukrain\u0119. Podkre\u015blono potrzeb\u0119 dalszego wspierania Kijowa i wzmacniania wschodniej flanki NATO.<\/p>\n\n\n\n<p>Prezydent Nawrocki zaprosi\u0142 Steinmeiera do Warszawy, a ten zaproszenie przyj\u0105\u0142. Szczeg\u00f3\u0142y wizyty nie s\u0105 jeszcze znane.<\/p>\n\n\n\n<p>W Berlinie dosz\u0142o tak\u017ce do spotkania z kanclerzem Friedrichem Merzem. Towarzyszyli mu m.in. Marcin Przydacz i W\u0142adys\u0142aw Teofil Bartoszewski.<\/p>\n\n\n\n<p>Niemcy i Polska deklaruj\u0105 wsp\u00f3\u0142prac\u0119 w kwestiach bezpiecze\u0144stwa, relacji w UE oraz stosunk\u00f3w transatlantyckich. Po Berlinie prezydent Nawrocki uda\u0142 si\u0119 do Francji na rozmowy z Emmanuelem Macronem.<\/p>\n","protected":false},"excerpt":{"rendered":"<p>\u202fPodczas wizyty w Berlinie prezydent Karol Nawrocki poruszy\u0142 temat reparacji wojennych od Niemiec. Spotka\u0142 si\u0119 z wyra\u017anym i jednoznacznym stanowiskiem ze strony prezydenta RFN. Jak przekaza\u0142a rzeczniczka Franka-Waltera Steinmeiera, Niemcy uwa\u017caj\u0105 spraw\u0119 reparacji za \u201eprawnie ostatecznie rozstrzygni\u0119t\u0105\u201d. To potwierdzenie dotychczasowej linii Berlina. Steinmeier mia\u0142 jednocze\u015bnie zaznaczy\u0107, \u017ce wsp\u00f3lne upami\u0119tnienie trudnej historii pozostaje wa\u017cnym elementem relacji &#8230; <a title=\"Niemcy dobitnie odpowiadaj\u0105 Nawrockiemu. \u201eReparacje? Temat zamkni\u0119ty\u201d\" class=\"read-more\" href=\"https:\/\/dobrezrodla.com\/?p=4481\" aria-label=\"Read more about Niemcy dobitnie odpowiadaj\u0105 Nawrockiemu. \u201eReparacje? Temat zamkni\u0119ty\u201d\">Read more<\/a><\/p>\n","protected":false},"author":1,"featured_media":4482,"comment_status":"open","ping_status":"open","sticky":false,"template":"","format":"standard","meta":{"footnotes":""},"categories":[1],"tags":[],"class_list":["post-4481","post","type-post","status-publish","format-standard","has-post-thumbnail","hentry","category-uncategorized"],"_links":{"self":[{"href":"https:\/\/dobrezrodla.com\/index.php?rest_route=\/wp\/v2\/posts\/4481","targetHints":{"allow":["GET"]}}],"collection":[{"href":"https:\/\/dobrezrodla.com\/index.php?rest_route=\/wp\/v2\/posts"}],"about":[{"href":"https:\/\/dobrezrodla.com\/index.php?rest_route=\/wp\/v2\/types\/post"}],"author":[{"embeddable":true,"href":"https:\/\/dobrezrodla.com\/index.php?rest_route=\/wp\/v2\/users\/1"}],"replies":[{"embeddable":true,"href":"https:\/\/dobrezrodla.com\/index.php?rest_route=%2Fwp%2Fv2%2Fcomments&post=4481"}],"version-history":[{"count":1,"href":"https:\/\/dobrezrodla.com\/index.php?rest_route=\/wp\/v2\/posts\/4481\/revisions"}],"predecessor-version":[{"id":4483,"href":"https:\/\/dobrezrodla.com\/index.php?rest_route=\/wp\/v2\/posts\/4481\/revisions\/4483"}],"wp:featuredmedia":[{"embeddable":true,"href":"https:\/\/dobrezrodla.com\/index.php?rest_route=\/wp\/v2\/media\/4482"}],"wp:attachment":[{"href":"https:\/\/dobrezrodla.com\/index.php?rest_route=%2Fwp%2Fv2%2Fmedia&parent=4481"}],"wp:term":[{"taxonomy":"category","embeddable":true,"href":"https:\/\/dobrezrodla.com\/index.php?rest_route=%2Fwp%2Fv2%2Fcategories&post=4481"},{"taxonomy":"post_tag","embeddable":true,"href":"https:\/\/dobrezrodla.com\/index.php?rest_route=%2Fwp%2Fv2%2Ftags&post=4481"}],"curies":[{"name":"wp","href":"https:\/\/api.w.org\/{rel}","templated":true}]}}