{"id":4490,"date":"2025-09-17T19:29:26","date_gmt":"2025-09-17T19:29:26","guid":{"rendered":"https:\/\/dobrezrodla.com\/?p=4490"},"modified":"2025-09-17T19:29:27","modified_gmt":"2025-09-17T19:29:27","slug":"sikorski-leci-z-nawrockim-do-nowego-jorku-prezydent-zabiera-go-na-onz-owska-delegacje","status":"publish","type":"post","link":"https:\/\/dobrezrodla.com\/?p=4490","title":{"rendered":"Sikorski leci z Nawrockim do Nowego Jorku. Prezydent zabiera go na ONZ-owsk\u0105 delegacj\u0119"},"content":{"rendered":"\n<p>\u202f<br>Minister spraw zagranicznych Rados\u0142aw Sikorski do\u0142\u0105czy do prezydenckiej delegacji na 80. sesj\u0119 Zgromadzenia Og\u00f3lnego ONZ. G\u0142ow\u0105 delegacji b\u0119dzie Karol Nawrocki.<\/p>\n\n\n\n<p>To pierwsza wsp\u00f3lna zagraniczna wizyta Nawrockiego i Sikorskiego. Prezydent ma wyg\u0142osi\u0107 przem\u00f3wienie na forum ONZ w Nowym Jorku.<\/p>\n\n\n\n<p>Obecno\u015b\u0107 Sikorskiego mo\u017ce oznacza\u0107 pr\u00f3b\u0119 zacie\u015bnienia wsp\u00f3\u0142pracy mi\u0119dzy Pa\u0142acem Prezydenckim a MSZ. W tle pozostaj\u0105 jednak r\u00f3\u017cnice dotycz\u0105ce polityki kadrowej w dyplomacji.<\/p>\n\n\n\n<p>Spotkania na linii Kancelaria Prezydenta\u2013MSZ maj\u0105 dotyczy\u0107 m.in. nominacji ambasadorskich. Szczeg\u00f3lnie chodzi o plac\u00f3wki w Berlinie i innych kluczowych stolicach.<\/p>\n\n\n\n<p>Sikorski wcze\u015bniej deklarowa\u0142 gotowo\u015b\u0107 do rozm\u00f3w i ch\u0119\u0107 wsp\u00f3\u0142pracy. Podkre\u015bla\u0142, \u017ce liczy na podpisywanie nominacji przez prezydenta zgodnie z ustaw\u0105.<\/p>\n\n\n\n<p>Zgromadzenie Og\u00f3lne ONZ to najwi\u0119ksze mi\u0119dzynarodowe forum dyplomatyczne. Ka\u017cde pa\u0144stwo ma tam jeden g\u0142os, a decyzje w wa\u017cnych sprawach zapadaj\u0105 wi\u0119kszo\u015bci\u0105 dw\u00f3ch trzecich.<\/p>\n\n\n\n<p>W tym roku oczekuje si\u0119 ostrej debaty na temat bezpiecze\u0144stwa, wojny w Ukrainie i napi\u0119\u0107 geopolitycznych. Udzia\u0142 prezydenta Polski mo\u017ce by\u0107 sygna\u0142em wzmacniania obecno\u015bci kraju na arenie mi\u0119dzynarodowej.<\/p>\n","protected":false},"excerpt":{"rendered":"<p>\u202fMinister spraw zagranicznych Rados\u0142aw Sikorski do\u0142\u0105czy do prezydenckiej delegacji na 80. sesj\u0119 Zgromadzenia Og\u00f3lnego ONZ. G\u0142ow\u0105 delegacji b\u0119dzie Karol Nawrocki. To pierwsza wsp\u00f3lna zagraniczna wizyta Nawrockiego i Sikorskiego. Prezydent ma wyg\u0142osi\u0107 przem\u00f3wienie na forum ONZ w Nowym Jorku. Obecno\u015b\u0107 Sikorskiego mo\u017ce oznacza\u0107 pr\u00f3b\u0119 zacie\u015bnienia wsp\u00f3\u0142pracy mi\u0119dzy Pa\u0142acem Prezydenckim a MSZ. W tle pozostaj\u0105 jednak r\u00f3\u017cnice &#8230; <a title=\"Sikorski leci z Nawrockim do Nowego Jorku. Prezydent zabiera go na ONZ-owsk\u0105 delegacj\u0119\" class=\"read-more\" href=\"https:\/\/dobrezrodla.com\/?p=4490\" aria-label=\"Read more about Sikorski leci z Nawrockim do Nowego Jorku. Prezydent zabiera go na ONZ-owsk\u0105 delegacj\u0119\">Read more<\/a><\/p>\n","protected":false},"author":1,"featured_media":4491,"comment_status":"open","ping_status":"open","sticky":false,"template":"","format":"standard","meta":{"footnotes":""},"categories":[1],"tags":[],"class_list":["post-4490","post","type-post","status-publish","format-standard","has-post-thumbnail","hentry","category-uncategorized"],"_links":{"self":[{"href":"https:\/\/dobrezrodla.com\/index.php?rest_route=\/wp\/v2\/posts\/4490","targetHints":{"allow":["GET"]}}],"collection":[{"href":"https:\/\/dobrezrodla.com\/index.php?rest_route=\/wp\/v2\/posts"}],"about":[{"href":"https:\/\/dobrezrodla.com\/index.php?rest_route=\/wp\/v2\/types\/post"}],"author":[{"embeddable":true,"href":"https:\/\/dobrezrodla.com\/index.php?rest_route=\/wp\/v2\/users\/1"}],"replies":[{"embeddable":true,"href":"https:\/\/dobrezrodla.com\/index.php?rest_route=%2Fwp%2Fv2%2Fcomments&post=4490"}],"version-history":[{"count":1,"href":"https:\/\/dobrezrodla.com\/index.php?rest_route=\/wp\/v2\/posts\/4490\/revisions"}],"predecessor-version":[{"id":4492,"href":"https:\/\/dobrezrodla.com\/index.php?rest_route=\/wp\/v2\/posts\/4490\/revisions\/4492"}],"wp:featuredmedia":[{"embeddable":true,"href":"https:\/\/dobrezrodla.com\/index.php?rest_route=\/wp\/v2\/media\/4491"}],"wp:attachment":[{"href":"https:\/\/dobrezrodla.com\/index.php?rest_route=%2Fwp%2Fv2%2Fmedia&parent=4490"}],"wp:term":[{"taxonomy":"category","embeddable":true,"href":"https:\/\/dobrezrodla.com\/index.php?rest_route=%2Fwp%2Fv2%2Fcategories&post=4490"},{"taxonomy":"post_tag","embeddable":true,"href":"https:\/\/dobrezrodla.com\/index.php?rest_route=%2Fwp%2Fv2%2Ftags&post=4490"}],"curies":[{"name":"wp","href":"https:\/\/api.w.org\/{rel}","templated":true}]}}