{"id":4496,"date":"2025-09-17T19:30:27","date_gmt":"2025-09-17T19:30:27","guid":{"rendered":"https:\/\/dobrezrodla.com\/?p=4496"},"modified":"2025-09-17T19:30:28","modified_gmt":"2025-09-17T19:30:28","slug":"szkoly-szykuja-sie-na-wojne-dzieci-maja-sie-uczyc-ewakuacji-i-alarmow-ale-niepredko","status":"publish","type":"post","link":"https:\/\/dobrezrodla.com\/?p=4496","title":{"rendered":"Szko\u0142y szykuj\u0105 si\u0119 na wojn\u0119? Dzieci maj\u0105 si\u0119 uczy\u0107 ewakuacji i alarm\u00f3w \u2013 ale niepr\u0119dko"},"content":{"rendered":"\n<p>\u202f<br>Ministerstwo Edukacji planuje powa\u017cne zmiany w programie szkolnym. Dzieci maj\u0105 pozna\u0107 zasady post\u0119powania na wypadek wojny \u2013 m.in. uczy\u0107 si\u0119 pakowania plecaka ewakuacyjnego i rozpoznawania alarm\u00f3w.<\/p>\n\n\n\n<p>Zmiany obejm\u0105 przedmiot Edukacja dla bezpiecze\u0144stwa. Ale nowy program trafi do szk\u00f3\u0142 dopiero za kilka lat \u2013 najwcze\u015bniej od klasy VIII, czyli oko\u0142o 2029 roku.<\/p>\n\n\n\n<p>\u201eRzeczpospolita\u201d informuje, \u017ce reform\u0119 poprzedzi nowa podstawa programowa, a uczniowie obj\u0119ci ni\u0105 b\u0119d\u0105 dopiero w ni\u017cszych klasach. To znaczy, \u017ce realna nauka o wojennych zagro\u017ceniach ruszy najwcze\u015bniej pod koniec dekady.<\/p>\n\n\n\n<p>R\u00f3wnolegle powstaje specjalny podr\u0119cznik, nad kt\u00f3rym pracuje Ministerstwo Edukacji wsp\u00f3lnie z MSWiA. Jego uproszczona wersja ma by\u0107 dost\u0119pna r\u00f3wnie\u017c dla dzieci.<\/p>\n\n\n\n<p>Barbara Nowacka zapowiedzia\u0142a, \u017ce wcze\u015bniej trzeba przeszkoli\u0107 nauczycieli. Maj\u0105 oni nauczy\u0107 si\u0119, jak rozmawia\u0107 z uczniami o kryzysach, stresie i sytuacjach granicznych.<\/p>\n\n\n\n<p>Nowa wersja EDB obejmie te\u017c podstawy obrony cywilnej, dzia\u0142ania ratownicze i zasady przetrwania. Szko\u0142y maj\u0105 sta\u0107 si\u0119 miejscem realnego przygotowania do zagro\u017ce\u0144.<\/p>\n\n\n\n<p>Eksperci podkre\u015blaj\u0105, \u017ce podobne tre\u015bci by\u0142y ju\u017c kiedy\u015b w programie \u2013 w ramach tzw. Przysposobienia Obronnego. Teraz wracaj\u0105 w nowoczesnej formie, ale powoli.<\/p>\n","protected":false},"excerpt":{"rendered":"<p>\u202fMinisterstwo Edukacji planuje powa\u017cne zmiany w programie szkolnym. Dzieci maj\u0105 pozna\u0107 zasady post\u0119powania na wypadek wojny \u2013 m.in. uczy\u0107 si\u0119 pakowania plecaka ewakuacyjnego i rozpoznawania alarm\u00f3w. Zmiany obejm\u0105 przedmiot Edukacja dla bezpiecze\u0144stwa. Ale nowy program trafi do szk\u00f3\u0142 dopiero za kilka lat \u2013 najwcze\u015bniej od klasy VIII, czyli oko\u0142o 2029 roku. \u201eRzeczpospolita\u201d informuje, \u017ce reform\u0119 &#8230; <a title=\"Szko\u0142y szykuj\u0105 si\u0119 na wojn\u0119? Dzieci maj\u0105 si\u0119 uczy\u0107 ewakuacji i alarm\u00f3w \u2013 ale niepr\u0119dko\" class=\"read-more\" href=\"https:\/\/dobrezrodla.com\/?p=4496\" aria-label=\"Read more about Szko\u0142y szykuj\u0105 si\u0119 na wojn\u0119? Dzieci maj\u0105 si\u0119 uczy\u0107 ewakuacji i alarm\u00f3w \u2013 ale niepr\u0119dko\">Read more<\/a><\/p>\n","protected":false},"author":1,"featured_media":4497,"comment_status":"open","ping_status":"open","sticky":false,"template":"","format":"standard","meta":{"footnotes":""},"categories":[1],"tags":[],"class_list":["post-4496","post","type-post","status-publish","format-standard","has-post-thumbnail","hentry","category-uncategorized"],"_links":{"self":[{"href":"https:\/\/dobrezrodla.com\/index.php?rest_route=\/wp\/v2\/posts\/4496","targetHints":{"allow":["GET"]}}],"collection":[{"href":"https:\/\/dobrezrodla.com\/index.php?rest_route=\/wp\/v2\/posts"}],"about":[{"href":"https:\/\/dobrezrodla.com\/index.php?rest_route=\/wp\/v2\/types\/post"}],"author":[{"embeddable":true,"href":"https:\/\/dobrezrodla.com\/index.php?rest_route=\/wp\/v2\/users\/1"}],"replies":[{"embeddable":true,"href":"https:\/\/dobrezrodla.com\/index.php?rest_route=%2Fwp%2Fv2%2Fcomments&post=4496"}],"version-history":[{"count":1,"href":"https:\/\/dobrezrodla.com\/index.php?rest_route=\/wp\/v2\/posts\/4496\/revisions"}],"predecessor-version":[{"id":4498,"href":"https:\/\/dobrezrodla.com\/index.php?rest_route=\/wp\/v2\/posts\/4496\/revisions\/4498"}],"wp:featuredmedia":[{"embeddable":true,"href":"https:\/\/dobrezrodla.com\/index.php?rest_route=\/wp\/v2\/media\/4497"}],"wp:attachment":[{"href":"https:\/\/dobrezrodla.com\/index.php?rest_route=%2Fwp%2Fv2%2Fmedia&parent=4496"}],"wp:term":[{"taxonomy":"category","embeddable":true,"href":"https:\/\/dobrezrodla.com\/index.php?rest_route=%2Fwp%2Fv2%2Fcategories&post=4496"},{"taxonomy":"post_tag","embeddable":true,"href":"https:\/\/dobrezrodla.com\/index.php?rest_route=%2Fwp%2Fv2%2Ftags&post=4496"}],"curies":[{"name":"wp","href":"https:\/\/api.w.org\/{rel}","templated":true}]}}