{"id":4499,"date":"2025-09-17T19:30:51","date_gmt":"2025-09-17T19:30:51","guid":{"rendered":"https:\/\/dobrezrodla.com\/?p=4499"},"modified":"2025-09-17T19:30:51","modified_gmt":"2025-09-17T19:30:51","slug":"dron-nad-belwederem-a-prezydent-nic-nie-wiedzial-nawrocki-ostro-o-rzadzie-to-nie-jest-zdrowa-komunikacja","status":"publish","type":"post","link":"https:\/\/dobrezrodla.com\/?p=4499","title":{"rendered":"Dron nad Belwederem, a prezydent nic nie wiedzia\u0142? Nawrocki ostro o rz\u0105dzie: &#8220;To nie jest zdrowa komunikacja&#8221;"},"content":{"rendered":"\n<p>\u202f<br>Prezydent Karol Nawrocki nie kryje frustracji po incydencie z dronem lataj\u0105cym nad Belwederem. Jak przyzna\u0142, o ca\u0142ej sytuacji dowiedzia\u0142 si\u0119\u2026 z medi\u00f3w spo\u0142eczno\u015bciowych.<\/p>\n\n\n\n<p>Podczas konferencji w Pary\u017cu Nawrocki stwierdzi\u0142, \u017ce taka forma komunikacji mi\u0119dzy rz\u0105dem a prezydentem jest nieakceptowalna. \u2013 Powaga pa\u0144stwa wymaga czego\u015b wi\u0119cej ni\u017c Twitter \u2013 powiedzia\u0142 dosadnie.<\/p>\n\n\n\n<p>Prezydent podkre\u015bli\u0142, \u017ce dron lata\u0142 nad budynkiem, w kt\u00f3rym przebywa\u0142a jego rodzina. \u2013 To sytuacja powa\u017cna, kt\u00f3ra powinna by\u0107 omawiana na oficjalnych kana\u0142ach \u2013 zaznaczy\u0142.<\/p>\n\n\n\n<p>Donald Tusk poinformowa\u0142 o incydencie w poniedzia\u0142kowy wiecz\u00f3r w mediach spo\u0142eczno\u015bciowych. Napisa\u0142, \u017ce SOP zneutralizowa\u0142a drona nad Parkow\u0105 i Belwederem.<\/p>\n\n\n\n<p>Policja potwierdzi\u0142a zatrzymanie dw\u00f3ch os\u00f3b: 21-letniego Ukrai\u0144ca i 17-letniej Bia\u0142orusinki. Lata\u0142y dronem w strefie obj\u0119tej \u015bcis\u0142ym zakazem lot\u00f3w.<\/p>\n\n\n\n<p>Premier zapowiedzia\u0142 pe\u0142ne wyja\u015bnienie incydentu. Chce ustali\u0107, czy by\u0142a to prowokacja, czy zwyk\u0142a nieodpowiedzialno\u015b\u0107 operator\u00f3w.<\/p>\n\n\n\n<p>Zakaz lot\u00f3w nad obiektami rz\u0105dowymi obowi\u0105zuje od dawna. Operatorzy maj\u0105 obowi\u0105zek zg\u0142aszania ka\u017cdego lotu w aplikacji DroneTower.<\/p>\n","protected":false},"excerpt":{"rendered":"<p>\u202fPrezydent Karol Nawrocki nie kryje frustracji po incydencie z dronem lataj\u0105cym nad Belwederem. Jak przyzna\u0142, o ca\u0142ej sytuacji dowiedzia\u0142 si\u0119\u2026 z medi\u00f3w spo\u0142eczno\u015bciowych. Podczas konferencji w Pary\u017cu Nawrocki stwierdzi\u0142, \u017ce taka forma komunikacji mi\u0119dzy rz\u0105dem a prezydentem jest nieakceptowalna. \u2013 Powaga pa\u0144stwa wymaga czego\u015b wi\u0119cej ni\u017c Twitter \u2013 powiedzia\u0142 dosadnie. Prezydent podkre\u015bli\u0142, \u017ce dron lata\u0142 &#8230; <a title=\"Dron nad Belwederem, a prezydent nic nie wiedzia\u0142? Nawrocki ostro o rz\u0105dzie: &#8220;To nie jest zdrowa komunikacja&#8221;\" class=\"read-more\" href=\"https:\/\/dobrezrodla.com\/?p=4499\" aria-label=\"Read more about Dron nad Belwederem, a prezydent nic nie wiedzia\u0142? Nawrocki ostro o rz\u0105dzie: &#8220;To nie jest zdrowa komunikacja&#8221;\">Read more<\/a><\/p>\n","protected":false},"author":1,"featured_media":4500,"comment_status":"open","ping_status":"open","sticky":false,"template":"","format":"standard","meta":{"footnotes":""},"categories":[1],"tags":[],"class_list":["post-4499","post","type-post","status-publish","format-standard","has-post-thumbnail","hentry","category-uncategorized"],"_links":{"self":[{"href":"https:\/\/dobrezrodla.com\/index.php?rest_route=\/wp\/v2\/posts\/4499","targetHints":{"allow":["GET"]}}],"collection":[{"href":"https:\/\/dobrezrodla.com\/index.php?rest_route=\/wp\/v2\/posts"}],"about":[{"href":"https:\/\/dobrezrodla.com\/index.php?rest_route=\/wp\/v2\/types\/post"}],"author":[{"embeddable":true,"href":"https:\/\/dobrezrodla.com\/index.php?rest_route=\/wp\/v2\/users\/1"}],"replies":[{"embeddable":true,"href":"https:\/\/dobrezrodla.com\/index.php?rest_route=%2Fwp%2Fv2%2Fcomments&post=4499"}],"version-history":[{"count":1,"href":"https:\/\/dobrezrodla.com\/index.php?rest_route=\/wp\/v2\/posts\/4499\/revisions"}],"predecessor-version":[{"id":4501,"href":"https:\/\/dobrezrodla.com\/index.php?rest_route=\/wp\/v2\/posts\/4499\/revisions\/4501"}],"wp:featuredmedia":[{"embeddable":true,"href":"https:\/\/dobrezrodla.com\/index.php?rest_route=\/wp\/v2\/media\/4500"}],"wp:attachment":[{"href":"https:\/\/dobrezrodla.com\/index.php?rest_route=%2Fwp%2Fv2%2Fmedia&parent=4499"}],"wp:term":[{"taxonomy":"category","embeddable":true,"href":"https:\/\/dobrezrodla.com\/index.php?rest_route=%2Fwp%2Fv2%2Fcategories&post=4499"},{"taxonomy":"post_tag","embeddable":true,"href":"https:\/\/dobrezrodla.com\/index.php?rest_route=%2Fwp%2Fv2%2Ftags&post=4499"}],"curies":[{"name":"wp","href":"https:\/\/api.w.org\/{rel}","templated":true}]}}