{"id":4522,"date":"2025-09-18T19:01:56","date_gmt":"2025-09-18T19:01:56","guid":{"rendered":"https:\/\/dobrezrodla.com\/?p=4522"},"modified":"2025-09-18T19:01:57","modified_gmt":"2025-09-18T19:01:57","slug":"przestrzegalem-ale-nie-posluchal-sikorski-uderza-w-nawrockiego-po-wizycie-w-berlinie-co-naprawde-sie-tam-wydarzylo-link-w-komentarzu","status":"publish","type":"post","link":"https:\/\/dobrezrodla.com\/?p=4522","title":{"rendered":"\u201ePrzestrzega\u0142em, ale nie pos\u0142ucha\u0142\u201d \u2013 Sikorski uderza w Nawrockiego po wizycie w Berlinie! Co naprawd\u0119 si\u0119 tam wydarzy\u0142o? Link w komentarzu"},"content":{"rendered":"\n<p>Wicepremier i szef MSZ Rados\u0142aw Sikorski nie gryz\u0142 si\u0119 w j\u0119zyk, komentuj\u0105c berli\u0144sk\u0105 wizyt\u0119 prezydenta Karola Nawrockiego. Wed\u0142ug niego, ca\u0142a misja zako\u0144czy\u0142a si\u0119 fiaskiem \u2013 i to przewidywalnym. <\/p>\n\n\n\n<p>Sikorski ujawni\u0142, \u017ce ostrzega\u0142 Nawrockiego przed samowolnym dzia\u0142aniem i zaznaczy\u0142, \u017ce zapowied\u017a rozm\u00f3w o reparacjach \u2013 bez konsultacji z rz\u0105dem \u2013 by\u0142a z\u0142amaniem konstytucyjnych zasad.<\/p>\n\n\n\n<p>\u2013 Niestety, mia\u0142em racj\u0119. Pan prezydent poni\u00f3s\u0142 pora\u017ck\u0119 \u2013 powiedzia\u0142 Sikorski, wskazuj\u0105c, \u017ce temat reparacji powinien by\u0107 zast\u0105piony konkretnymi formami zado\u015b\u0107uczynienia, np. wzmocnieniem polskiej obronno\u015bci czy upami\u0119tnieniem ofiar wojny.<\/p>\n\n\n\n<p>W Berlinie Nawrocki spotka\u0142 si\u0119 z niemieckimi liderami i og\u0142osi\u0142 powstanie zespo\u0142u ds. reparacji. Jednak dyplomaci nie zostawili na tej inicjatywie suchej nitki \u2013 wed\u0142ug nich, u\u017cywanie s\u0142owa \u201ereparacje\u201d zamyka jak\u0105kolwiek realn\u0105 drog\u0119 do uzyskania gestu czy rekompensaty od Niemc\u00f3w.<\/p>\n\n\n\n<p> Jeden z rozm\u00f3wc\u00f3w PAP stwierdzi\u0142 dosadnie: \u2013 Nie mog\u0105 by\u0107 tak naiwni, \u017ceby nie wiedzie\u0107, \u017ce to nie do za\u0142atwienia.<\/p>\n\n\n\n<p>Berlin ze swojej strony stanowczo twierdzi, \u017ce sprawa reparacji jest prawnie zamkni\u0119ta, ale sygnalizuje otwarto\u015b\u0107 na \u201enowoczesne formy\u201d wsp\u00f3\u0142pracy historyczno-obronnej.<\/p>\n\n\n\n<p>Czy dzia\u0142ania Nawrockiego to patriotyczna odwaga czy polityczna iluzja? Trwa ostry sp\u00f3r na szczytach w\u0142adzy.<\/p>\n","protected":false},"excerpt":{"rendered":"<p>Wicepremier i szef MSZ Rados\u0142aw Sikorski nie gryz\u0142 si\u0119 w j\u0119zyk, komentuj\u0105c berli\u0144sk\u0105 wizyt\u0119 prezydenta Karola Nawrockiego. Wed\u0142ug niego, ca\u0142a misja zako\u0144czy\u0142a si\u0119 fiaskiem \u2013 i to przewidywalnym. Sikorski ujawni\u0142, \u017ce ostrzega\u0142 Nawrockiego przed samowolnym dzia\u0142aniem i zaznaczy\u0142, \u017ce zapowied\u017a rozm\u00f3w o reparacjach \u2013 bez konsultacji z rz\u0105dem \u2013 by\u0142a z\u0142amaniem konstytucyjnych zasad. \u2013 Niestety, &#8230; <a title=\"\u201ePrzestrzega\u0142em, ale nie pos\u0142ucha\u0142\u201d \u2013 Sikorski uderza w Nawrockiego po wizycie w Berlinie! Co naprawd\u0119 si\u0119 tam wydarzy\u0142o? Link w komentarzu\" class=\"read-more\" href=\"https:\/\/dobrezrodla.com\/?p=4522\" aria-label=\"Read more about \u201ePrzestrzega\u0142em, ale nie pos\u0142ucha\u0142\u201d \u2013 Sikorski uderza w Nawrockiego po wizycie w Berlinie! Co naprawd\u0119 si\u0119 tam wydarzy\u0142o? Link w komentarzu\">Read more<\/a><\/p>\n","protected":false},"author":1,"featured_media":4523,"comment_status":"open","ping_status":"open","sticky":false,"template":"","format":"standard","meta":{"footnotes":""},"categories":[1],"tags":[],"class_list":["post-4522","post","type-post","status-publish","format-standard","has-post-thumbnail","hentry","category-uncategorized"],"_links":{"self":[{"href":"https:\/\/dobrezrodla.com\/index.php?rest_route=\/wp\/v2\/posts\/4522","targetHints":{"allow":["GET"]}}],"collection":[{"href":"https:\/\/dobrezrodla.com\/index.php?rest_route=\/wp\/v2\/posts"}],"about":[{"href":"https:\/\/dobrezrodla.com\/index.php?rest_route=\/wp\/v2\/types\/post"}],"author":[{"embeddable":true,"href":"https:\/\/dobrezrodla.com\/index.php?rest_route=\/wp\/v2\/users\/1"}],"replies":[{"embeddable":true,"href":"https:\/\/dobrezrodla.com\/index.php?rest_route=%2Fwp%2Fv2%2Fcomments&post=4522"}],"version-history":[{"count":1,"href":"https:\/\/dobrezrodla.com\/index.php?rest_route=\/wp\/v2\/posts\/4522\/revisions"}],"predecessor-version":[{"id":4524,"href":"https:\/\/dobrezrodla.com\/index.php?rest_route=\/wp\/v2\/posts\/4522\/revisions\/4524"}],"wp:featuredmedia":[{"embeddable":true,"href":"https:\/\/dobrezrodla.com\/index.php?rest_route=\/wp\/v2\/media\/4523"}],"wp:attachment":[{"href":"https:\/\/dobrezrodla.com\/index.php?rest_route=%2Fwp%2Fv2%2Fmedia&parent=4522"}],"wp:term":[{"taxonomy":"category","embeddable":true,"href":"https:\/\/dobrezrodla.com\/index.php?rest_route=%2Fwp%2Fv2%2Fcategories&post=4522"},{"taxonomy":"post_tag","embeddable":true,"href":"https:\/\/dobrezrodla.com\/index.php?rest_route=%2Fwp%2Fv2%2Ftags&post=4522"}],"curies":[{"name":"wp","href":"https:\/\/api.w.org\/{rel}","templated":true}]}}