{"id":4535,"date":"2025-09-18T19:05:52","date_gmt":"2025-09-18T19:05:52","guid":{"rendered":"https:\/\/dobrezrodla.com\/?p=4535"},"modified":"2025-09-18T19:05:53","modified_gmt":"2025-09-18T19:05:53","slug":"trump-oficjalnie-oglasza-antife-organizacja-terrorystyczna-lewicowa-katastrofa-czy-szykuje-sie-polityczna-czystka-link-w-komentarzu","status":"publish","type":"post","link":"https:\/\/dobrezrodla.com\/?p=4535","title":{"rendered":"Trump oficjalnie og\u0142asza Antif\u0119 organizacj\u0105 terrorystyczn\u0105! \u201eLewicowa katastrofa\u201d \u2013 czy szykuje si\u0119 polityczna czystka? Link w komentarzu"},"content":{"rendered":"\n<p>Donald Trump zn\u00f3w uderza z pe\u0142n\u0105 moc\u0105! Na swojej platformie Truth Social og\u0142osi\u0142, \u017ce klasyfikuje Antif\u0119 jako \u201eznacz\u0105c\u0105 organizacj\u0119 terrorystyczn\u0105\u201d, nazywaj\u0105c j\u0105 \u201echor\u0105, niebezpieczn\u0105 i radykalnie lewicow\u0105 katastrof\u0105\u201d. <\/p>\n\n\n\n<p>Do tego zapowiedzia\u0142 \u015bledztwa w sprawie finansowania ruchu, kt\u00f3re maj\u0105 by\u0107 prowadzone \u201ezgodnie z najwy\u017cszymi standardami prawnymi\u201d.<\/p>\n\n\n\n<p>To nie pierwszy raz, kiedy Trump kieruje ostrze w stron\u0119 \u015brodowisk lewicowych. Ju\u017c wcze\u015bniej oskar\u017ca\u0142 Antif\u0119 o podsycanie przemocy politycznej i wskazywa\u0142 j\u0105 jako winnych atmosferze,<\/p>\n\n\n\n<p> kt\u00f3ra \u2013 jego zdaniem \u2013 doprowadzi\u0142a do zab\u00f3jstwa konserwatywnego aktywisty Charliego Kirka.<\/p>\n\n\n\n<p>Plany takie mia\u0142 ju\u017c w trakcie pierwszej kadencji, szczeg\u00f3lnie po protestach po \u015bmierci George\u2019a Floyda, jednak napotka\u0142 wtedy op\u00f3r w administracji <\/p>\n\n\n\n<p>\u2013 m.in. od szefa FBI, kt\u00f3ry ostrzega\u0142, \u017ce uznanie krajowych organizacji za terrorystyczne by\u0142oby niezgodne z konstytucj\u0105.<\/p>\n\n\n\n<p>Co ciekawe, ruch Antifa nie ma centralnej struktury, lider\u00f3w ani formalnego cz\u0142onkostwa \u2013 co zdaniem krytyk\u00f3w czyni deklaracj\u0119 Trumpa bardziej politycznym gestem ni\u017c realn\u0105 decyzj\u0105 prawn\u0105.<\/p>\n\n\n\n<p> W ameryka\u0144skim systemie prawnym nie istnieje te\u017c kategoria \u201eznacz\u0105cej organizacji terrorystycznej\u201d \u2013 s\u0105 jedynie \u201ezagraniczne organizacje terrorystyczne\u201d (FTO), kt\u00f3rym mo\u017cna przypisa\u0107 konkretne sankcje.<\/p>\n\n\n\n<p>Czy to zapowied\u017a nowej kampanii Trumpa? A mo\u017ce pocz\u0105tek ostrzejszej walki z opozycj\u0105?<\/p>\n","protected":false},"excerpt":{"rendered":"<p>Donald Trump zn\u00f3w uderza z pe\u0142n\u0105 moc\u0105! Na swojej platformie Truth Social og\u0142osi\u0142, \u017ce klasyfikuje Antif\u0119 jako \u201eznacz\u0105c\u0105 organizacj\u0119 terrorystyczn\u0105\u201d, nazywaj\u0105c j\u0105 \u201echor\u0105, niebezpieczn\u0105 i radykalnie lewicow\u0105 katastrof\u0105\u201d. Do tego zapowiedzia\u0142 \u015bledztwa w sprawie finansowania ruchu, kt\u00f3re maj\u0105 by\u0107 prowadzone \u201ezgodnie z najwy\u017cszymi standardami prawnymi\u201d. To nie pierwszy raz, kiedy Trump kieruje ostrze w stron\u0119 &#8230; <a title=\"Trump oficjalnie og\u0142asza Antif\u0119 organizacj\u0105 terrorystyczn\u0105! \u201eLewicowa katastrofa\u201d \u2013 czy szykuje si\u0119 polityczna czystka? Link w komentarzu\" class=\"read-more\" href=\"https:\/\/dobrezrodla.com\/?p=4535\" aria-label=\"Read more about Trump oficjalnie og\u0142asza Antif\u0119 organizacj\u0105 terrorystyczn\u0105! \u201eLewicowa katastrofa\u201d \u2013 czy szykuje si\u0119 polityczna czystka? Link w komentarzu\">Read more<\/a><\/p>\n","protected":false},"author":1,"featured_media":4536,"comment_status":"open","ping_status":"open","sticky":false,"template":"","format":"standard","meta":{"footnotes":""},"categories":[1],"tags":[],"class_list":["post-4535","post","type-post","status-publish","format-standard","has-post-thumbnail","hentry","category-uncategorized"],"_links":{"self":[{"href":"https:\/\/dobrezrodla.com\/index.php?rest_route=\/wp\/v2\/posts\/4535","targetHints":{"allow":["GET"]}}],"collection":[{"href":"https:\/\/dobrezrodla.com\/index.php?rest_route=\/wp\/v2\/posts"}],"about":[{"href":"https:\/\/dobrezrodla.com\/index.php?rest_route=\/wp\/v2\/types\/post"}],"author":[{"embeddable":true,"href":"https:\/\/dobrezrodla.com\/index.php?rest_route=\/wp\/v2\/users\/1"}],"replies":[{"embeddable":true,"href":"https:\/\/dobrezrodla.com\/index.php?rest_route=%2Fwp%2Fv2%2Fcomments&post=4535"}],"version-history":[{"count":1,"href":"https:\/\/dobrezrodla.com\/index.php?rest_route=\/wp\/v2\/posts\/4535\/revisions"}],"predecessor-version":[{"id":4537,"href":"https:\/\/dobrezrodla.com\/index.php?rest_route=\/wp\/v2\/posts\/4535\/revisions\/4537"}],"wp:featuredmedia":[{"embeddable":true,"href":"https:\/\/dobrezrodla.com\/index.php?rest_route=\/wp\/v2\/media\/4536"}],"wp:attachment":[{"href":"https:\/\/dobrezrodla.com\/index.php?rest_route=%2Fwp%2Fv2%2Fmedia&parent=4535"}],"wp:term":[{"taxonomy":"category","embeddable":true,"href":"https:\/\/dobrezrodla.com\/index.php?rest_route=%2Fwp%2Fv2%2Fcategories&post=4535"},{"taxonomy":"post_tag","embeddable":true,"href":"https:\/\/dobrezrodla.com\/index.php?rest_route=%2Fwp%2Fv2%2Ftags&post=4535"}],"curies":[{"name":"wp","href":"https:\/\/api.w.org\/{rel}","templated":true}]}}